{"id":8185,"date":"2023-07-06T08:38:58","date_gmt":"2023-07-06T06:38:58","guid":{"rendered":"https:\/\/semmelweis.hu\/sebeszet\/?p=8185"},"modified":"2023-07-06T08:40:29","modified_gmt":"2023-07-06T06:40:29","slug":"8185","status":"publish","type":"post","link":"https:\/\/semmelweis.hu\/sebeszet\/2023\/07\/06\/8185\/","title":{"rendered":"Semmelweis-napi d\u00edsz\u00fcnneps\u00e9g klinik\u00e1nk dolgoz\u00f3inak kit\u00fcntet\u00e9s\u00e9vel"},"content":{"rendered":"<div class=\"xdj266r x11i5rnm xat24cr x1mh8g0r x1vvkbs x126k92a\">\n<div dir=\"auto\" style=\"text-align: justify\">J\u00fanius 30-\u00e1n a Semmelweis Egyetem t\u00f6bb rendezv\u00e9nnyel \u00fcnnepelte n\u00e9vad\u00f3ja, Semmelweis Ign\u00e1c 205. sz\u00fclet\u00e9snapj\u00e1t \u00e9s a Magyar Eg\u00e9szs\u00e9g Napj\u00e1t. Ennek kapcs\u00e1n az idei Semmelweis-napi d\u00edsz\u00fcnneps\u00e9gen a Klinik\u00e1nkon dolgoz\u00f3 \u00f6t munkat\u00e1rs kapott egyetemi kit\u00fcntet\u00e9st:<\/div>\n<\/div>\n<div class=\"x11i5rnm xat24cr x1mh8g0r x1vvkbs xtlvy1s x126k92a\">\n<div dir=\"auto\" style=\"text-align: justify\">Stelczer Katalin D\u00e9k\u00e1ni Dics\u00e9retben r\u00e9szes\u00fclt, Sipos Tibor L\u00e1szl\u00f3 Rektori Dics\u00e9retet kapott, m\u00edg Pint\u00e9rn\u00e9 Lassu Adrienn, Csern\u00e1n\u00e9 Gombos Elisabeth \u00e9s Kov\u00e1cs R\u00e9ka Semmelweis Egyetem Kiv\u00e1l\u00f3 Dolgoz\u00f3ja el\u00edsmer\u00e9st vehette \u00e1t.<\/div>\n<div dir=\"auto\"><a href=\"https:\/\/semmelweis.hu\/sebeszet\/files\/2023\/07\/347414297_647804927256949_7624701892963417419_n.jpg\"><img loading=\"lazy\" decoding=\"async\" class=\"aligncenter size-large wp-image-8187\" src=\"https:\/\/semmelweis.hu\/sebeszet\/files\/2023\/07\/347414297_647804927256949_7624701892963417419_n-1024x683.jpg\" alt=\"\" width=\"753\" height=\"502\" srcset=\"https:\/\/semmelweis.hu\/sebeszet\/files\/2023\/07\/347414297_647804927256949_7624701892963417419_n-1024x683.jpg 1024w, https:\/\/semmelweis.hu\/sebeszet\/files\/2023\/07\/347414297_647804927256949_7624701892963417419_n-300x200.jpg 300w, https:\/\/semmelweis.hu\/sebeszet\/files\/2023\/07\/347414297_647804927256949_7624701892963417419_n-768x512.jpg 768w, https:\/\/semmelweis.hu\/sebeszet\/files\/2023\/07\/347414297_647804927256949_7624701892963417419_n-753x502.jpg 753w, https:\/\/semmelweis.hu\/sebeszet\/files\/2023\/07\/347414297_647804927256949_7624701892963417419_n-203x135.jpg 203w, https:\/\/semmelweis.hu\/sebeszet\/files\/2023\/07\/347414297_647804927256949_7624701892963417419_n.jpg 1200w\" sizes=\"auto, (max-width: 753px) 100vw, 753px\" \/><\/a><a href=\"https:\/\/semmelweis.hu\/sebeszet\/files\/2023\/07\/347433711_647808120589963_2950109580132828926_n.jpg\"><img loading=\"lazy\" decoding=\"async\" class=\"aligncenter size-large wp-image-8186\" src=\"https:\/\/semmelweis.hu\/sebeszet\/files\/2023\/07\/347433711_647808120589963_2950109580132828926_n-1024x683.jpg\" alt=\"\" width=\"753\" height=\"502\" srcset=\"https:\/\/semmelweis.hu\/sebeszet\/files\/2023\/07\/347433711_647808120589963_2950109580132828926_n-1024x683.jpg 1024w, https:\/\/semmelweis.hu\/sebeszet\/files\/2023\/07\/347433711_647808120589963_2950109580132828926_n-300x200.jpg 300w, https:\/\/semmelweis.hu\/sebeszet\/files\/2023\/07\/347433711_647808120589963_2950109580132828926_n-768x512.jpg 768w, https:\/\/semmelweis.hu\/sebeszet\/files\/2023\/07\/347433711_647808120589963_2950109580132828926_n-753x502.jpg 753w, https:\/\/semmelweis.hu\/sebeszet\/files\/2023\/07\/347433711_647808120589963_2950109580132828926_n-203x135.jpg 203w, https:\/\/semmelweis.hu\/sebeszet\/files\/2023\/07\/347433711_647808120589963_2950109580132828926_n.jpg 1200w\" sizes=\"auto, (max-width: 753px) 100vw, 753px\" \/><\/a><\/div>\n<div dir=\"auto\" style=\"text-align: center\"><span style=\"font-size: 1rem\">Szeretn\u00e9nk gratul\u00e1lni \u00e9s k\u00f6sz\u00f6netet mondani koll\u00e9g\u00e1nknak az \u00e9vtizedek \u00f3ta tart\u00f3 kem\u00e9ny munk\u00e1juk\u00e9rt \u00e9s elk\u00f6telezetts\u00e9g\u00fck\u00e9rt. K\u00f6sz\u00f6nj\u00fck a t\u00f6bbi munkat\u00e1rsunknak is az \u00e1llhatatos kitartt\u00f3 munk\u00e1j\u00e1t!<\/span><\/div>\n<\/div>\n","protected":false},"excerpt":{"rendered":"<p>J\u00fanius 30-\u00e1n a Semmelweis Egyetem t\u00f6bb rendezv\u00e9nnyel \u00fcnnepelte n\u00e9vad\u00f3ja, Semmelweis Ign\u00e1c 205. sz\u00fclet\u00e9snapj\u00e1t \u00e9s a Magyar Eg\u00e9szs\u00e9g Napj\u00e1t. Ennek kapcs\u00e1n az idei Semmelweis-napi d\u00edsz\u00fcnneps\u00e9gen a Klinik\u00e1nkon dolgoz\u00f3 \u00f6t munkat\u00e1rs kapott egyetemi kit\u00fcntet\u00e9st: Stelczer Katalin D\u00e9k\u00e1ni Dics\u00e9retben r\u00e9szes\u00fclt, Sipos Tibor L\u00e1szl\u00f3 Rektori Dics\u00e9retet kapott, m\u00edg Pint\u00e9rn\u00e9 Lassu Adrienn, Csern\u00e1n\u00e9 Gombos Elisabeth \u00e9s Kov\u00e1cs R\u00e9ka Semmelweis Egyetem &hellip;<\/p>\n","protected":false},"author":101236,"featured_media":8187,"comment_status":"closed","ping_status":"closed","sticky":false,"template":"","format":"standard","meta":{"_acf_changed":false,"footnotes":""},"categories":[25],"tags":[],"class_list":["post-8185","post","type-post","status-publish","format-standard","has-post-thumbnail","hentry","category-hireink"],"acf":[],"_links":{"self":[{"href":"https:\/\/semmelweis.hu\/sebeszet\/wp-json\/wp\/v2\/posts\/8185","targetHints":{"allow":["GET"]}}],"collection":[{"href":"https:\/\/semmelweis.hu\/sebeszet\/wp-json\/wp\/v2\/posts"}],"about":[{"href":"https:\/\/semmelweis.hu\/sebeszet\/wp-json\/wp\/v2\/types\/post"}],"author":[{"embeddable":true,"href":"https:\/\/semmelweis.hu\/sebeszet\/wp-json\/wp\/v2\/users\/101236"}],"replies":[{"embeddable":true,"href":"https:\/\/semmelweis.hu\/sebeszet\/wp-json\/wp\/v2\/comments?post=8185"}],"version-history":[{"count":3,"href":"https:\/\/semmelweis.hu\/sebeszet\/wp-json\/wp\/v2\/posts\/8185\/revisions"}],"predecessor-version":[{"id":8190,"href":"https:\/\/semmelweis.hu\/sebeszet\/wp-json\/wp\/v2\/posts\/8185\/revisions\/8190"}],"wp:featuredmedia":[{"embeddable":true,"href":"https:\/\/semmelweis.hu\/sebeszet\/wp-json\/wp\/v2\/media\/8187"}],"wp:attachment":[{"href":"https:\/\/semmelweis.hu\/sebeszet\/wp-json\/wp\/v2\/media?parent=8185"}],"wp:term":[{"taxonomy":"category","embeddable":true,"href":"https:\/\/semmelweis.hu\/sebeszet\/wp-json\/wp\/v2\/categories?post=8185"},{"taxonomy":"post_tag","embeddable":true,"href":"https:\/\/semmelweis.hu\/sebeszet\/wp-json\/wp\/v2\/tags?post=8185"}],"curies":[{"name":"wp","href":"https:\/\/api.w.org\/{rel}","templated":true}]}}