{"id":7886,"date":"2023-03-14T10:01:13","date_gmt":"2023-03-14T09:01:13","guid":{"rendered":"https:\/\/semmelweis.hu\/sebeszet\/?p=7886"},"modified":"2023-03-14T10:01:13","modified_gmt":"2023-03-14T09:01:13","slug":"duna-tv-almarium-a-maj-es-annak-kulonbozo-betegsegei","status":"publish","type":"post","link":"https:\/\/semmelweis.hu\/sebeszet\/2023\/03\/14\/duna-tv-almarium-a-maj-es-annak-kulonbozo-betegsegei\/","title":{"rendered":"Duna Tv \u2013 Alm\u00e1rium A m\u00e1j \u00e9s annak k\u00fcl\u00f6nb\u00f6z\u0151 betegs\u00e9gei"},"content":{"rendered":"<p style=\"text-align: justify\">A nem alkoholos zs\u00edrm\u00e1j az anyagcsere betegs\u00e9gek k\u00f6vetkezm\u00e9nye, az egyik leggyakoribb m\u00e1j megbeteged\u00e9s, a n\u00e9pess\u00e9g 30 sz\u00e1zal\u00e9k\u00e1t \u00e9rinti, egyes betegcsoportokn\u00e1l, mint pl. a cukorbetegek ez az ar\u00e1ny m\u00e9g magasabb, 50 sz\u00e1zal\u00e9k \u2013 h\u00edvta fel a figyelmet dr. Werling Kl\u00e1ra a Duna Tv Alm\u00e1rium c\u00edm\u0171 m\u0171sor\u00e1ban. A Seb\u00e9szeti,\u00a0 Transzplant\u00e1ci\u00f3s \u00e9s Gasztroenterol\u00f3giai Klinika egyetemi docense elmondta, a betegs\u00e9g l\u00e9nyege, hogy a m\u00e1jban lerak\u00f3dik a zs\u00edr, ami gyullad\u00e1st id\u00e9z el\u0151, a m\u00e1jzsugor talaj\u00e1n pedig k\u00e9s\u0151bb m\u00e1jr\u00e1k is kialakulhat. A szak\u00e9rt\u0151 hangs\u00falyozta, a kr\u00f3nikus m\u00e1jbetegs\u00e9gek nagyon vesz\u00e9lyesek, mert nincs t\u00fcnet\u00fck; \u00e1ltal\u00e1ban v\u00e9letlen\u00fcl, egy v\u00e9rv\u00e9tel vagy hasi ultrahang sor\u00e1n der\u00fcl ki. Ha valakin\u00e9l diagnosztiz\u00e1lt\u00e1k a betegs\u00e9get, legfontosabb l\u00e9p\u00e9s az \u00e9letm\u00f3dv\u00e1lt\u00e1s \u00e9s a megfelel\u0151 folyad\u00e9kbevitel. Dr. Werling Kl\u00e1ra besz\u00e9lt a Hepatitis C \u2013r\u0151l is, amely m\u00e1ra gy\u00f3gy\u00edthat\u00f3 betegs\u00e9gg\u00e9 v\u00e1lt, k\u00f6sz\u00f6nhet\u0151en a direkt v\u00edrusszaporod\u00e1st g\u00e1tl\u00f3 gy\u00f3gyszereknek.<\/p>\n<p>A cikkr\u0151l b\u0151vebben <a href=\"https:\/\/semmelweis.hu\/mediasarok\/2023\/03\/12\/duna-tv-almarium-a-maj-es-annak-kulonbozo-betegsegei\/\">&lt;&lt;ITT&gt;&gt;<\/a> olvashat.<\/p>\n","protected":false},"excerpt":{"rendered":"<p>A nem alkoholos zs\u00edrm\u00e1j az anyagcsere betegs\u00e9gek k\u00f6vetkezm\u00e9nye, az egyik leggyakoribb m\u00e1j megbeteged\u00e9s, a n\u00e9pess\u00e9g 30 sz\u00e1zal\u00e9k\u00e1t \u00e9rinti, egyes betegcsoportokn\u00e1l, mint pl. a cukorbetegek ez az ar\u00e1ny m\u00e9g magasabb, 50 sz\u00e1zal\u00e9k \u2013 h\u00edvta fel a figyelmet dr. Werling Kl\u00e1ra a Duna Tv Alm\u00e1rium c\u00edm\u0171 m\u0171sor\u00e1ban. A Seb\u00e9szeti,\u00a0 Transzplant\u00e1ci\u00f3s \u00e9s Gasztroenterol\u00f3giai Klinika egyetemi docense elmondta, a &hellip;<\/p>\n","protected":false},"author":101236,"featured_media":7839,"comment_status":"closed","ping_status":"closed","sticky":false,"template":"","format":"standard","meta":{"_acf_changed":false,"footnotes":""},"categories":[25],"tags":[],"class_list":["post-7886","post","type-post","status-publish","format-standard","has-post-thumbnail","hentry","category-hireink"],"acf":[],"_links":{"self":[{"href":"https:\/\/semmelweis.hu\/sebeszet\/wp-json\/wp\/v2\/posts\/7886","targetHints":{"allow":["GET"]}}],"collection":[{"href":"https:\/\/semmelweis.hu\/sebeszet\/wp-json\/wp\/v2\/posts"}],"about":[{"href":"https:\/\/semmelweis.hu\/sebeszet\/wp-json\/wp\/v2\/types\/post"}],"author":[{"embeddable":true,"href":"https:\/\/semmelweis.hu\/sebeszet\/wp-json\/wp\/v2\/users\/101236"}],"replies":[{"embeddable":true,"href":"https:\/\/semmelweis.hu\/sebeszet\/wp-json\/wp\/v2\/comments?post=7886"}],"version-history":[{"count":1,"href":"https:\/\/semmelweis.hu\/sebeszet\/wp-json\/wp\/v2\/posts\/7886\/revisions"}],"predecessor-version":[{"id":7887,"href":"https:\/\/semmelweis.hu\/sebeszet\/wp-json\/wp\/v2\/posts\/7886\/revisions\/7887"}],"wp:featuredmedia":[{"embeddable":true,"href":"https:\/\/semmelweis.hu\/sebeszet\/wp-json\/wp\/v2\/media\/7839"}],"wp:attachment":[{"href":"https:\/\/semmelweis.hu\/sebeszet\/wp-json\/wp\/v2\/media?parent=7886"}],"wp:term":[{"taxonomy":"category","embeddable":true,"href":"https:\/\/semmelweis.hu\/sebeszet\/wp-json\/wp\/v2\/categories?post=7886"},{"taxonomy":"post_tag","embeddable":true,"href":"https:\/\/semmelweis.hu\/sebeszet\/wp-json\/wp\/v2\/tags?post=7886"}],"curies":[{"name":"wp","href":"https:\/\/api.w.org\/{rel}","templated":true}]}}