{"id":98,"date":"2020-02-06T10:41:20","date_gmt":"2020-02-06T09:41:20","guid":{"rendered":"https:\/\/semmelweis.hu\/rehabilitaciosklinika\/?p=98"},"modified":"2024-10-15T14:32:43","modified_gmt":"2024-10-15T12:32:43","slug":"oori-zenei-klub","status":"publish","type":"post","link":"https:\/\/semmelweis.hu\/rehabilitaciosklinika\/2020\/02\/oori-zenei-klub\/","title":{"rendered":"OORI Zenei Klub"},"content":{"rendered":"<p>2020. janu\u00e1r 30-\u00e1n ism\u00e9t megrendezt\u00fck az OORI Zenei Klubot.<\/p>\n<p>Vend\u00e9geink voltak Kardon Annam\u00e1ria \u00e9s Helle Maximillian l\u00e1t\u00e1ss\u00e9r\u00fclt zongorist\u00e1k. A klubon<br \/>\nvend\u00e9g\u00fcl l\u00e1thattuk Annamari vakvezet\u0151 kuty\u00e1j\u00e1t is. Az imm\u00e1r k\u00e9t \u00e9ve zajl\u00f3 zenei klubok<br \/>\nalkalmaihoz k\u00e9pest a mostani esem\u00e9nyen lehett\u00fcnk legt\u00f6bben, k\u00f6zel 50-en egy\u00fctt.<br \/>\nAz alkalom hangulata nagyon k\u00f6tetetlen, k\u00f6zvetlen volt. A koncerten f\u0151k\u00e9nt k\u00f6nny\u0171zenei,<br \/>\nfilmzenei zongora\u00e1tiratok hangoztak el a klasszikus zenei m\u0171vek \u00e9s Annamari saj\u00e1t<br \/>\nszerzem\u00e9nyei mellett.<\/p>\n<p>A klub k\u00fcl\u00f6nlegess\u00e9ge volt, hogy a zenem\u0171vek elhangz\u00e1sa ut\u00e1n r\u00f6vid f\u00f3rumbesz\u00e9lget\u00e9st<br \/>\ntartottunk. Vend\u00e9geink a f\u00f3rumbesz\u00e9lget\u00e9s sor\u00e1n besz\u00e9ltek nek\u00fcnk a saj\u00e1t zenetanul\u00e1suk<br \/>\nkih\u00edv\u00e1sair\u00f3l, apr\u00f3 zenetanul\u00e1si tr\u00fckkjeikr\u0151l \u00e9s arr\u00f3l, hogy a megszerzett tud\u00e1sukat hogyan<br \/>\ntervezik \u00e1tadni fiatal l\u00e1t\u00e1ss\u00e9r\u00fclt zen\u00e9szbar\u00e1taiknak.<\/p>\n<p>A termet \u00fagy pr\u00f3b\u00e1ltuk berendezni, hogy h\u00edvogat\u00f3 \u00e9s akad\u00e1lymentes legyen betegeink,<br \/>\nkoll\u00e9g\u00e1ink sz\u00e1m\u00e1ra. A sok finom s\u00fctem\u00e9ny, k\u00e1v\u00e9 \u00e9s f\u0151k\u00e9nt a megh\u00edvott vend\u00e9geink<br \/>\nszem\u00e9lyis\u00e9ge nagyban hozz\u00e1j\u00e1rult ahhoz, hogy a k\u00f6z\u00f6ns\u00e9g nagy r\u00e9sze a koncert ut\u00e1n is<br \/>\negy\u00fctt maradt besz\u00e9lgetni a zen\u00e9szekkel.<\/p>\n<p>K\u00f6sz\u00f6nj\u00fcnk minden koll\u00e9g\u00e1nknak a catering, a sz\u00e1ll\u00edt\u00e1s, a teremrendez\u00e9s, a<br \/>\nf\u00f3rumbesz\u00e9lget\u00e9s, \u00e9s a betegeink h\u00edvogat\u00e1sa sor\u00e1n tan\u00fas\u00edtott sok-sok seg\u00edts\u00e9g\u00e9t!<\/p>\n<p>Legk\u00f6zelebb is v\u00e1runk mindenkit nagy szeretettel,<\/p>\n<p>Szab\u00f3-Szemenyei Eszter \u00e9s Fekete Zs\u00f3fia<\/p>\n[slb_exclude]<div data-carousel-extra='{\"blog_id\":303,\"permalink\":\"https:\\\/\\\/semmelweis.hu\\\/rehabilitaciosklinika\\\/2020\\\/02\\\/oori-zenei-klub\\\/\"}' class=\"tiled-gallery type-rectangular\" data-original-width=\"753\"><div class=\"gallery-row\" style=\"width: 748px; height: 370px;\"><div class=\"gallery-group images-1\" style=\"width: 500px; height: 374px;\"><div class=\"tiled-gallery-item tiled-gallery-item-large\"><a href=\"https:\/\/semmelweis.hu\/rehabilitaciosklinika\/files\/2020\/02\/202002_zene_besz.pdf-image-002.jpg\"><img loading=\"lazy\" decoding=\"async\" data-attachment-id=\"1637\" data-orig-file=\"https:\/\/semmelweis.hu\/rehabilitaciosklinika\/files\/2020\/02\/202002_zene_besz.pdf-image-002.jpg\" data-orig-size=\"474,354\" data-comments-opened=\"0\" data-image-meta=\"{&quot;aperture&quot;:&quot;0&quot;,&quot;credit&quot;:&quot;&quot;,&quot;camera&quot;:&quot;&quot;,&quot;caption&quot;:&quot;&quot;,&quot;created_timestamp&quot;:&quot;0&quot;,&quot;copyright&quot;:&quot;&quot;,&quot;focal_length&quot;:&quot;0&quot;,&quot;iso&quot;:&quot;0&quot;,&quot;shutter_speed&quot;:&quot;0&quot;,&quot;title&quot;:&quot;&quot;,&quot;orientation&quot;:&quot;0&quot;}\" data-image-title=\"202002_zene_besz.pdf-image-002\" data-image-description=\"\" data-medium-file=\"https:\/\/semmelweis.hu\/rehabilitaciosklinika\/files\/2020\/02\/202002_zene_besz.pdf-image-002-400x299.jpg\" data-large-file=\"https:\/\/semmelweis.hu\/rehabilitaciosklinika\/files\/2020\/02\/202002_zene_besz.pdf-image-002.jpg\" src=\"https:\/\/semmelweis.hu\/rehabilitaciosklinika\/files\/2020\/02\/202002_zene_besz.pdf-image-002.jpg\" width=\"496\" height=\"370\" align=\"left\" title=\"\" \/><\/a><\/div><\/div><div class=\"gallery-group images-2\" style=\"width: 248px; height: 374px;\"><div class=\"tiled-gallery-item tiled-gallery-item-small\"><a href=\"https:\/\/semmelweis.hu\/rehabilitaciosklinika\/files\/2020\/02\/202002_zene_besz.pdf-image-008.jpg\"><img loading=\"lazy\" decoding=\"async\" data-attachment-id=\"1639\" data-orig-file=\"https:\/\/semmelweis.hu\/rehabilitaciosklinika\/files\/2020\/02\/202002_zene_besz.pdf-image-008.jpg\" data-orig-size=\"487,365\" data-comments-opened=\"0\" data-image-meta=\"{&quot;aperture&quot;:&quot;0&quot;,&quot;credit&quot;:&quot;&quot;,&quot;camera&quot;:&quot;&quot;,&quot;caption&quot;:&quot;&quot;,&quot;created_timestamp&quot;:&quot;0&quot;,&quot;copyright&quot;:&quot;&quot;,&quot;focal_length&quot;:&quot;0&quot;,&quot;iso&quot;:&quot;0&quot;,&quot;shutter_speed&quot;:&quot;0&quot;,&quot;title&quot;:&quot;&quot;,&quot;orientation&quot;:&quot;0&quot;}\" data-image-title=\"202002_zene_besz.pdf-image-008\" data-image-description=\"\" data-medium-file=\"https:\/\/semmelweis.hu\/rehabilitaciosklinika\/files\/2020\/02\/202002_zene_besz.pdf-image-008-400x300.jpg\" data-large-file=\"https:\/\/semmelweis.hu\/rehabilitaciosklinika\/files\/2020\/02\/202002_zene_besz.pdf-image-008.jpg\" src=\"https:\/\/semmelweis.hu\/rehabilitaciosklinika\/files\/2020\/02\/202002_zene_besz.pdf-image-008-244x183.jpg\" width=\"244\" height=\"183\" align=\"left\" title=\"\" \/><\/a><\/div><div class=\"tiled-gallery-item tiled-gallery-item-small\"><a href=\"https:\/\/semmelweis.hu\/rehabilitaciosklinika\/files\/2020\/02\/202002_zene_besz.pdf-image-005.jpg\"><img loading=\"lazy\" decoding=\"async\" data-attachment-id=\"1638\" data-orig-file=\"https:\/\/semmelweis.hu\/rehabilitaciosklinika\/files\/2020\/02\/202002_zene_besz.pdf-image-005.jpg\" data-orig-size=\"465,349\" data-comments-opened=\"0\" data-image-meta=\"{&quot;aperture&quot;:&quot;0&quot;,&quot;credit&quot;:&quot;&quot;,&quot;camera&quot;:&quot;&quot;,&quot;caption&quot;:&quot;&quot;,&quot;created_timestamp&quot;:&quot;0&quot;,&quot;copyright&quot;:&quot;&quot;,&quot;focal_length&quot;:&quot;0&quot;,&quot;iso&quot;:&quot;0&quot;,&quot;shutter_speed&quot;:&quot;0&quot;,&quot;title&quot;:&quot;&quot;,&quot;orientation&quot;:&quot;0&quot;}\" data-image-title=\"202002_zene_besz.pdf-image-005\" data-image-description=\"\" data-medium-file=\"https:\/\/semmelweis.hu\/rehabilitaciosklinika\/files\/2020\/02\/202002_zene_besz.pdf-image-005-400x300.jpg\" data-large-file=\"https:\/\/semmelweis.hu\/rehabilitaciosklinika\/files\/2020\/02\/202002_zene_besz.pdf-image-005.jpg\" src=\"https:\/\/semmelweis.hu\/rehabilitaciosklinika\/files\/2020\/02\/202002_zene_besz.pdf-image-005-244x183.jpg\" width=\"244\" height=\"183\" align=\"left\" title=\"\" \/><\/a><\/div><\/div><\/div><\/div>[\/slb_exclude]\n<p>&nbsp;<\/p>\n","protected":false},"excerpt":{"rendered":"<p>2020. janu\u00e1r 30-\u00e1n ism\u00e9t megrendezt\u00fck az OORI Zenei Klubot. Vend\u00e9geink voltak Kardon Annam\u00e1ria \u00e9s Helle Maximillian l\u00e1t\u00e1ss\u00e9r\u00fclt zongorist\u00e1k. A klubon vend\u00e9g\u00fcl l\u00e1thattuk Annamari vakvezet\u0151 kuty\u00e1j\u00e1t is. Az imm\u00e1r k\u00e9t \u00e9ve zajl\u00f3 zenei klubok alkalmaihoz k\u00e9pest a mostani esem\u00e9nyen lehett\u00fcnk legt\u00f6bben, k\u00f6zel 50-en egy\u00fctt. Az alkalom hangulata nagyon k\u00f6tetetlen, k\u00f6zvetlen volt. A koncerten f\u0151k\u00e9nt k\u00f6nny\u0171zenei, filmzenei &hellip;<\/p>\n","protected":false},"author":102388,"featured_media":1637,"comment_status":"closed","ping_status":"closed","sticky":false,"template":"","format":"standard","meta":{"_acf_changed":false,"footnotes":""},"categories":[1],"tags":[],"class_list":["post-98","post","type-post","status-publish","format-standard","has-post-thumbnail","hentry","category-hirek"],"acf":[],"_links":{"self":[{"href":"https:\/\/semmelweis.hu\/rehabilitaciosklinika\/wp-json\/wp\/v2\/posts\/98","targetHints":{"allow":["GET"]}}],"collection":[{"href":"https:\/\/semmelweis.hu\/rehabilitaciosklinika\/wp-json\/wp\/v2\/posts"}],"about":[{"href":"https:\/\/semmelweis.hu\/rehabilitaciosklinika\/wp-json\/wp\/v2\/types\/post"}],"author":[{"embeddable":true,"href":"https:\/\/semmelweis.hu\/rehabilitaciosklinika\/wp-json\/wp\/v2\/users\/102388"}],"replies":[{"embeddable":true,"href":"https:\/\/semmelweis.hu\/rehabilitaciosklinika\/wp-json\/wp\/v2\/comments?post=98"}],"version-history":[{"count":5,"href":"https:\/\/semmelweis.hu\/rehabilitaciosklinika\/wp-json\/wp\/v2\/posts\/98\/revisions"}],"predecessor-version":[{"id":1761,"href":"https:\/\/semmelweis.hu\/rehabilitaciosklinika\/wp-json\/wp\/v2\/posts\/98\/revisions\/1761"}],"wp:featuredmedia":[{"embeddable":true,"href":"https:\/\/semmelweis.hu\/rehabilitaciosklinika\/wp-json\/wp\/v2\/media\/1637"}],"wp:attachment":[{"href":"https:\/\/semmelweis.hu\/rehabilitaciosklinika\/wp-json\/wp\/v2\/media?parent=98"}],"wp:term":[{"taxonomy":"category","embeddable":true,"href":"https:\/\/semmelweis.hu\/rehabilitaciosklinika\/wp-json\/wp\/v2\/categories?post=98"},{"taxonomy":"post_tag","embeddable":true,"href":"https:\/\/semmelweis.hu\/rehabilitaciosklinika\/wp-json\/wp\/v2\/tags?post=98"}],"curies":[{"name":"wp","href":"https:\/\/api.w.org\/{rel}","templated":true}]}}