{"id":62,"date":"2022-06-13T14:37:11","date_gmt":"2022-06-13T12:37:11","guid":{"rendered":"https:\/\/semmelweis.hu\/rehabilitaciosklinika\/?p=62"},"modified":"2024-10-15T14:32:39","modified_gmt":"2024-10-15T12:32:39","slug":"adomany-a-schwa-medico-kft-tol","status":"publish","type":"post","link":"https:\/\/semmelweis.hu\/rehabilitaciosklinika\/2022\/06\/adomany-a-schwa-medico-kft-tol\/","title":{"rendered":"Adom\u00e1ny a Schwa-medico Kft-t\u0151l"},"content":{"rendered":"<p><a href=\"https:\/\/semmelweis.hu\/rehabilitaciosklinika\/files\/2022\/06\/schwa-medical-adomany-tens.jpg\"><img loading=\"lazy\" decoding=\"async\" class=\"alignright  wp-image-802\" src=\"https:\/\/semmelweis.hu\/rehabilitaciosklinika\/files\/2022\/06\/schwa-medical-adomany-tens-300x400.jpg\" alt=\"\" width=\"225\" height=\"300\" srcset=\"https:\/\/semmelweis.hu\/rehabilitaciosklinika\/files\/2022\/06\/schwa-medical-adomany-tens-300x400.jpg 300w, https:\/\/semmelweis.hu\/rehabilitaciosklinika\/files\/2022\/06\/schwa-medical-adomany-tens.jpg 361w\" sizes=\"auto, (max-width: 225px) 100vw, 225px\" \/><\/a>Int\u00e9zet\u00fcnk a Schwa-medico KFT- t\u0151l adom\u00e1nyk\u00e9nt 200 p\u00e1r k\u00f6ny\u00f6kmank\u00f3t valamint a 40 db Tens k\u00e9sz\u00fcl\u00e9keket kapott.<\/p>\n<p>Az orvostechnikai eszk\u00f6z\u00f6k gy\u00e1rt\u00e1s\u00e1val foglalkoz\u00f3 a t\u00e1rsadalmi felel\u0151ss\u00e9g v\u00e1llal\u00e1sban is elk\u00f6telezett v\u00e1llalat Int\u00e9zet\u00fcnket v\u00e1lasztotta, hogy adom\u00e1ny\u00e1val seg\u00edtse betegeink ell\u00e1t\u00e1s\u00e1t.<\/p>\n<p>Az adom\u00e1nyt 2022. 06. 09-\u00e9n Jilek J\u00f3zsef \u00fcgyvezet\u0151 igazgat\u00f3 \u00e9s Jagadits Ferenc gazdas\u00e1gi vezet\u0151 adt\u00e1k \u00e1t Int\u00e9zet\u00fcnk k\u00e9pvisel\u0151inek.<\/p>\n<p>T\u00e1mogat\u00e1sukat ez\u00faton is k\u00f6sz\u00f6nj\u00fck!<\/p>\n<p><a href=\"https:\/\/semmelweis.hu\/rehabilitaciosklinika\/files\/2022\/06\/schwa-medical-adomany.jpg\"><img loading=\"lazy\" decoding=\"async\" class=\"aligncenter size-full wp-image-800\" src=\"https:\/\/semmelweis.hu\/rehabilitaciosklinika\/files\/2022\/06\/schwa-medical-adomany.jpg\" alt=\"\" width=\"752\" height=\"563\" srcset=\"https:\/\/semmelweis.hu\/rehabilitaciosklinika\/files\/2022\/06\/schwa-medical-adomany.jpg 752w, https:\/\/semmelweis.hu\/rehabilitaciosklinika\/files\/2022\/06\/schwa-medical-adomany-400x299.jpg 400w\" sizes=\"auto, (max-width: 752px) 100vw, 752px\" \/><\/a><\/p>\n","protected":false},"excerpt":{"rendered":"<p><a href=\"https:\/\/semmelweis.hu\/rehabilitaciosklinika\/files\/2022\/06\/schwa-medical-adomany-tens.jpg\"><\/a> Int\u00e9zet\u00fcnk a Schwa-medico KFT- t\u0151l adom\u00e1nyk\u00e9nt 200 p\u00e1r k\u00f6ny\u00f6kmank\u00f3t valamint a 40 db Tens k\u00e9sz\u00fcl\u00e9keket kapott. Az orvostechnikai eszk\u00f6z\u00f6k gy\u00e1rt\u00e1s\u00e1val foglalkoz\u00f3 a t\u00e1rsadalmi felel\u0151ss\u00e9g v\u00e1llal\u00e1sban is elk\u00f6telezett v\u00e1llalat Int\u00e9zet\u00fcnket v\u00e1lasztotta, hogy adom\u00e1ny\u00e1val seg\u00edtse betegeink ell\u00e1t\u00e1s\u00e1t. Az adom\u00e1nyt 2022. 06. 09-\u00e9n Jilek J\u00f3zsef \u00fcgyvezet\u0151 igazgat\u00f3 \u00e9s Jagadits Ferenc gazdas\u00e1gi vezet\u0151 adt\u00e1k \u00e1t Int\u00e9zet\u00fcnk k\u00e9pvisel\u0151inek. T\u00e1mogat\u00e1sukat ez\u00faton &hellip;<\/p>\n","protected":false},"author":102388,"featured_media":800,"comment_status":"closed","ping_status":"closed","sticky":false,"template":"","format":"standard","meta":{"_acf_changed":false,"footnotes":""},"categories":[1],"tags":[],"class_list":["post-62","post","type-post","status-publish","format-standard","has-post-thumbnail","hentry","category-hirek"],"acf":[],"_links":{"self":[{"href":"https:\/\/semmelweis.hu\/rehabilitaciosklinika\/wp-json\/wp\/v2\/posts\/62","targetHints":{"allow":["GET"]}}],"collection":[{"href":"https:\/\/semmelweis.hu\/rehabilitaciosklinika\/wp-json\/wp\/v2\/posts"}],"about":[{"href":"https:\/\/semmelweis.hu\/rehabilitaciosklinika\/wp-json\/wp\/v2\/types\/post"}],"author":[{"embeddable":true,"href":"https:\/\/semmelweis.hu\/rehabilitaciosklinika\/wp-json\/wp\/v2\/users\/102388"}],"replies":[{"embeddable":true,"href":"https:\/\/semmelweis.hu\/rehabilitaciosklinika\/wp-json\/wp\/v2\/comments?post=62"}],"version-history":[{"count":4,"href":"https:\/\/semmelweis.hu\/rehabilitaciosklinika\/wp-json\/wp\/v2\/posts\/62\/revisions"}],"predecessor-version":[{"id":804,"href":"https:\/\/semmelweis.hu\/rehabilitaciosklinika\/wp-json\/wp\/v2\/posts\/62\/revisions\/804"}],"wp:featuredmedia":[{"embeddable":true,"href":"https:\/\/semmelweis.hu\/rehabilitaciosklinika\/wp-json\/wp\/v2\/media\/800"}],"wp:attachment":[{"href":"https:\/\/semmelweis.hu\/rehabilitaciosklinika\/wp-json\/wp\/v2\/media?parent=62"}],"wp:term":[{"taxonomy":"category","embeddable":true,"href":"https:\/\/semmelweis.hu\/rehabilitaciosklinika\/wp-json\/wp\/v2\/categories?post=62"},{"taxonomy":"post_tag","embeddable":true,"href":"https:\/\/semmelweis.hu\/rehabilitaciosklinika\/wp-json\/wp\/v2\/tags?post=62"}],"curies":[{"name":"wp","href":"https:\/\/api.w.org\/{rel}","templated":true}]}}