{"id":60,"date":"2022-07-20T14:34:49","date_gmt":"2022-07-20T12:34:49","guid":{"rendered":"https:\/\/semmelweis.hu\/rehabilitaciosklinika\/?p=60"},"modified":"2024-10-15T14:32:39","modified_gmt":"2024-10-15T12:32:39","slug":"beszamolo-az-eskuvorol","status":"publish","type":"post","link":"https:\/\/semmelweis.hu\/rehabilitaciosklinika\/2022\/07\/beszamolo-az-eskuvorol\/","title":{"rendered":"\u201cMilyen j\u00f3, hogy vagy nekem\u201d \u2013 h\u00edrad\u00e1s egy rendk\u00edv\u00fcli esk\u00fcv\u0151r\u0151l"},"content":{"rendered":"<p>Ritka sz\u00e9p pillanatnak adott otthont az Int\u00e9zet\u00fcnk nagyel\u0151ad\u00f3 terme. Egy s\u00falyos b\u00e9nul\u00e1ssal rehabilit\u00e1ci\u00f3s kezel\u00e9sben r\u00e9szes\u00fcl\u0151 beteg j\u00falius 2-\u00e1n itt tartotta az esk\u00fcv\u0151j\u00e9t, feles\u00e9g\u00fcl v\u00e9ve azt a h\u0171 t\u00e1rsat, aki \u00e9vek \u00f3ta kitartott mellette mozg\u00e1skorl\u00e1tozotts\u00e1gban is, \u00e9s a hosszas rehabilit\u00e1ci\u00f3 alatt rendszeresen l\u00e1togatta. A sok\u00e1ig teljesen mozg\u00e1sk\u00e9ptelen beteg \u00e1llapota folyamatosan javult, gy\u00f3gyul\u00e1s\u00e1ban most jutott el oda, hogy meg tudta \u00fajra fogni a tollat, \u00edgy al\u00e1\u00edr\u00e1s\u00e1val az eg\u00e9sz rokons\u00e1g el\u0151tt megpecs\u00e9telhette a p\u00e1rj\u00e1val val\u00f3 \u00f6sszetartoz\u00e1s\u00e1t. K\u00e9t elhivatott \u00e1pol\u00f3t k\u00e9rtek fel tan\u00fanak. T\u00f6bb betegt\u00e1rs meghatottan \u00fclt a rokons\u00e1g sorai k\u00f6z\u00f6tt. Int\u00e9zet\u00fcnk zeneterapeut\u00e1i zen\u00e9j\u00fckkel tett\u00e9k \u00fcnnep\u00e9lyesebb\u00e9 a sz\u00e9p alkalmat.<\/p>\n<p>Megtisztel\u0151 volt, hogy Pokorni Zolt\u00e1n ker\u00fcleti polg\u00e1rmester \u00far k\u00fcl\u00f6n k\u00f6sz\u00f6nt\u0151t k\u00fcld\u00f6tt a h\u00e1zasp\u00e1rnak. Sz\u00edvhez sz\u00f3l\u00f3 mondataiban mindannyiunk sz\u00e1m\u00e1ra fontos \u00fczenet volt, hogy micsoda aj\u00e1nd\u00e9k a felfele vezet\u0151 \u00fatban val\u00f3 rem\u00e9ny. M\u00e9sz\u00e1ros \u00c1gnes anyak\u00f6nyvvezet\u0151 meghat\u00f3 k\u00f6sz\u00f6nt\u00e9s\u00e9ben elgondolkoztatott azon, hogy mennyit tanulhatunk e p\u00e1rt\u00f3l, hiszen sokunk a t\u00f6red\u00e9k\u00e9t sem \u00e9lte \u00e1t azoknak a gondoknak, amikkel \u0151k megk\u00fczd\u00f6ttek.<\/p>\n<p>Int\u00e9zet\u00fcnkben nem el\u0151sz\u00f6r van esk\u00fcv\u0151. Az 1990-es \u00e9vek v\u00e9g\u00e9n az ON m\u00e1r tartottak hasonl\u00f3t. Az \u00faj \u00e9p\u00fclet\u00fcnkben, ahol m\u00e9lt\u00f3 k\u00f6r\u00fclm\u00e9nyek vannak egy ilyen \u00fcnnepi pillanathoz, most ker\u00fclt el\u0151sz\u00f6r erre sor.<\/p>\n<p>\u201cMilyen j\u00f3, hogy vagy nekem\u201d &#8211; \u00edgy sz\u00f3lt Presser G\u00e1bor dalsz\u00f6veg\u00e9nek egy r\u00e9szlete. Ebben a sz\u00e9p pillanatban egyszerre \u00fcnnepelt\u00fck a h\u00e1zasod\u00f3kat, a gy\u00f3gyul\u00e1st \u00e9s a rehabilit\u00e1ci\u00f3t. Az eg\u00e9szs\u00e9g egyik alappill\u00e9re az emberi kapcsol\u00f3d\u00e1s. Milyen fontos \u00e9s milyen j\u00f3, hogy van, akinek megfoghatjuk a kez\u00e9t, aki felseg\u00edthet, ha eles\u00fcnk. Most is ennek a felseg\u00edt\u00e9snek voltunk tan\u00fai. K\u00f6sz\u00f6nj\u00fck a polg\u00e1rmester \u00farnak \u00e9s az anyak\u00f6nyvvezet\u0151 asszonynak a rendk\u00edv\u00fcli alkalom megold\u00e1s\u00e1t! K\u00f6sz\u00f6nj\u00fck minden koll\u00e9g\u00e1nak, hogy szabadidej\u00fckben r\u00e9szt vettek ezen a sz\u00e9p \u00fcnnepen! \u00c9s legf\u0151k\u00e9ppen k\u00f6sz\u00f6nj\u00fck a m\u00e1r f\u00e9rjnek \u00e9s feles\u00e9gnek, hogy tan\u00fai lehett\u00fcnk ennek a felejthetetlen, \u00fcnnep\u00e9lyes pillanatnak! Sok boldogs\u00e1got k\u00edv\u00e1nunk!<\/p>\n<p>Fekete Zs\u00f3fia<br \/>\n(minden koll\u00e9ga nev\u00e9ben)<\/p>\n<p><a href=\"https:\/\/semmelweis.hu\/rehabilitaciosklinika\/files\/2022\/07\/rehabint-rendkivuli-eskuvo-jpg.jpg\"><img loading=\"lazy\" decoding=\"async\" class=\"aligncenter size-full wp-image-783\" src=\"https:\/\/semmelweis.hu\/rehabilitaciosklinika\/files\/2022\/07\/rehabint-rendkivuli-eskuvo-jpg.jpg\" alt=\"\" width=\"731\" height=\"502\" srcset=\"https:\/\/semmelweis.hu\/rehabilitaciosklinika\/files\/2022\/07\/rehabint-rendkivuli-eskuvo-jpg.jpg 731w, https:\/\/semmelweis.hu\/rehabilitaciosklinika\/files\/2022\/07\/rehabint-rendkivuli-eskuvo-jpg-400x275.jpg 400w, https:\/\/semmelweis.hu\/rehabilitaciosklinika\/files\/2022\/07\/rehabint-rendkivuli-eskuvo-jpg-175x120.jpg 175w\" sizes=\"auto, (max-width: 731px) 100vw, 731px\" \/><\/a><\/p>\n","protected":false},"excerpt":{"rendered":"<p>Ritka sz\u00e9p pillanatnak adott otthont az Int\u00e9zet\u00fcnk nagyel\u0151ad\u00f3 terme. Egy s\u00falyos b\u00e9nul\u00e1ssal rehabilit\u00e1ci\u00f3s kezel\u00e9sben r\u00e9szes\u00fcl\u0151 beteg j\u00falius 2-\u00e1n itt tartotta az esk\u00fcv\u0151j\u00e9t, feles\u00e9g\u00fcl v\u00e9ve azt a h\u0171 t\u00e1rsat, aki \u00e9vek \u00f3ta kitartott mellette mozg\u00e1skorl\u00e1tozotts\u00e1gban is, \u00e9s a hosszas rehabilit\u00e1ci\u00f3 alatt rendszeresen l\u00e1togatta. A sok\u00e1ig teljesen mozg\u00e1sk\u00e9ptelen beteg \u00e1llapota folyamatosan javult, gy\u00f3gyul\u00e1s\u00e1ban most jutott el oda, &hellip;<\/p>\n","protected":false},"author":102388,"featured_media":783,"comment_status":"closed","ping_status":"closed","sticky":false,"template":"","format":"standard","meta":{"_acf_changed":false,"footnotes":""},"categories":[1],"tags":[],"class_list":["post-60","post","type-post","status-publish","format-standard","has-post-thumbnail","hentry","category-hirek"],"acf":[],"_links":{"self":[{"href":"https:\/\/semmelweis.hu\/rehabilitaciosklinika\/wp-json\/wp\/v2\/posts\/60","targetHints":{"allow":["GET"]}}],"collection":[{"href":"https:\/\/semmelweis.hu\/rehabilitaciosklinika\/wp-json\/wp\/v2\/posts"}],"about":[{"href":"https:\/\/semmelweis.hu\/rehabilitaciosklinika\/wp-json\/wp\/v2\/types\/post"}],"author":[{"embeddable":true,"href":"https:\/\/semmelweis.hu\/rehabilitaciosklinika\/wp-json\/wp\/v2\/users\/102388"}],"replies":[{"embeddable":true,"href":"https:\/\/semmelweis.hu\/rehabilitaciosklinika\/wp-json\/wp\/v2\/comments?post=60"}],"version-history":[{"count":6,"href":"https:\/\/semmelweis.hu\/rehabilitaciosklinika\/wp-json\/wp\/v2\/posts\/60\/revisions"}],"predecessor-version":[{"id":786,"href":"https:\/\/semmelweis.hu\/rehabilitaciosklinika\/wp-json\/wp\/v2\/posts\/60\/revisions\/786"}],"wp:featuredmedia":[{"embeddable":true,"href":"https:\/\/semmelweis.hu\/rehabilitaciosklinika\/wp-json\/wp\/v2\/media\/783"}],"wp:attachment":[{"href":"https:\/\/semmelweis.hu\/rehabilitaciosklinika\/wp-json\/wp\/v2\/media?parent=60"}],"wp:term":[{"taxonomy":"category","embeddable":true,"href":"https:\/\/semmelweis.hu\/rehabilitaciosklinika\/wp-json\/wp\/v2\/categories?post=60"},{"taxonomy":"post_tag","embeddable":true,"href":"https:\/\/semmelweis.hu\/rehabilitaciosklinika\/wp-json\/wp\/v2\/tags?post=60"}],"curies":[{"name":"wp","href":"https:\/\/api.w.org\/{rel}","templated":true}]}}