{"id":56,"date":"2022-10-27T14:33:10","date_gmt":"2022-10-27T12:33:10","guid":{"rendered":"https:\/\/semmelweis.hu\/rehabilitaciosklinika\/?p=56"},"modified":"2024-10-15T14:32:38","modified_gmt":"2024-10-15T12:32:38","slug":"a-biotechusa-tamogatasa","status":"publish","type":"post","link":"https:\/\/semmelweis.hu\/rehabilitaciosklinika\/2022\/10\/a-biotechusa-tamogatasa\/","title":{"rendered":"A BioTechUSA \u00e9trendkieg\u00e9sz\u00edt\u0151kkel \u00e9s sporteszk\u00f6z\u00f6kkel t\u00e1mogatta dolgoz\u00f3inkat \u00e9s betegeinket"},"content":{"rendered":"<p>A BioTechUSA \u00e9trendkieg\u00e9sz\u00edt\u0151kkel \u00e9s sporteszk\u00f6z\u00f6kkel t\u00e1mogatta az Orsz\u00e1gos Orvosi Rehabilit\u00e1ci\u00f3s Int\u00e9zet dolgoz\u00f3it \u00e9s betegeit. A BioTechUSA-c\u00e9gcsoport tizen\u00f6tmilli\u00f3 forint \u00e9rt\u00e9k\u0171 t\u00e1mogat\u00e1sban r\u00e9szes\u00edtette az Orsz\u00e1gos Mozg\u00e1sszervi Int\u00e9zet Rehabilit\u00e1ci\u00f3s K\u00f3rh\u00e1z\u00e1t, melynek keret\u00e9ben 1500 doboz vitamin- \u00e9s \u00e1sv\u00e1nyi anyag k\u00e9sz\u00edtm\u00e9nyt \u00e9s mintegy 1000 darab feh\u00e9rjeitalt aj\u00e1nlottak fel a dolgoz\u00f3knak, valamint a rehabilit\u00e1ci\u00f3 folyamat\u00e1ban alkalmazhat\u00f3 eszk\u00f6z\u00f6ket v\u00e1s\u00e1roltak a betegek \u00e9s a szakemberek sz\u00e1m\u00e1ra.<\/p>\n<p>A BioTechUSA-c\u00e9gcsoport t\u00e1rsadalmi felel\u0151ss\u00e9gv\u00e1llal\u00e1si programja sor\u00e1n a t\u00e1mogatottak ig\u00e9nyeinek maxim\u00e1lis figyelembev\u00e9tel\u00e9vel k\u00e9szp\u00e9nzt, eszk\u00f6z\u00f6ket \u00e9s term\u00e9keket adom\u00e1nyoznak nagy volumenben. Eddig t\u00f6bb mint 25 civil szervezetet, k\u00f3rh\u00e1zat \u00e9s alap\u00edtv\u00e1nyt t\u00e1mogattak t\u00f6bb mint 150 milli\u00f3 forint \u00f6ssz\u00e9rt\u00e9kben \u00e9s csaknem 40 000 doboz term\u00e9ket adom\u00e1nyoztak. A program legfontosabb pill\u00e9re a hazai eg\u00e9szs\u00e9g\u00fcgyi int\u00e9zm\u00e9nyek \u00e9s k\u00fcl\u00f6nb\u00f6z\u0151 eg\u00e9szs\u00e9g\u00fcgyi c\u00e9lok t\u00e1mogat\u00e1sa.<\/p>\n<p>A v\u00e1llalat folyamatosan keresi azokat az \u00e9rt\u00e9kteremt\u00e9si lehet\u0151s\u00e9geket, amikor nemcsak adhat, de t\u00e1rsadalmi p\u00e1rbesz\u00e9det is kezdem\u00e9nyezhet. Az \u00e1tad\u00e1son a BioTechUSA-c\u00e9gcsoport r\u00e9sz\u00e9r\u0151l L\u00e9vai Bal\u00e1zs kereskedelmi igazgat\u00f3, t\u00e1rstulajdonos, Dr. Pint\u00e9r D\u00e1niel Gerg\u0151 v\u00e1llalati kommunik\u00e1ci\u00f3s \u00e9s CSR vezet\u0151 \u00e9s Kiss Jen\u0151 test\u00e9p\u00edt\u0151, a felel\u0151ss\u00e9gv\u00e1llal\u00e1si program nagyk\u00f6vete vettek r\u00e9szt, az Int\u00e9zetet pedig Embern\u00e9 Heitler Andrea \u00e1pol\u00e1si igazgat\u00f3, Sarkadi Attila, az Orvosi Rehabilit\u00e1ci\u00f3\u00e9rt Alap\u00edtv\u00e1ny eln\u00f6ke \u00e9s dr. Cserh\u00e1ti P\u00e9ter, az OMINT-OORI orvos-igazgat\u00f3ja k\u00e9pviselte.<\/p>\n<p><a href=\"https:\/\/semmelweis.hu\/rehabilitaciosklinika\/files\/2022\/10\/rehabint-biotech-jpg-1.jpg\"><img loading=\"lazy\" decoding=\"async\" class=\"aligncenter size-full wp-image-788\" src=\"https:\/\/semmelweis.hu\/rehabilitaciosklinika\/files\/2022\/10\/rehabint-biotech-jpg-1.jpg\" alt=\"\" width=\"747\" height=\"497\" srcset=\"https:\/\/semmelweis.hu\/rehabilitaciosklinika\/files\/2022\/10\/rehabint-biotech-jpg-1.jpg 747w, https:\/\/semmelweis.hu\/rehabilitaciosklinika\/files\/2022\/10\/rehabint-biotech-jpg-1-400x266.jpg 400w, https:\/\/semmelweis.hu\/rehabilitaciosklinika\/files\/2022\/10\/rehabint-biotech-jpg-1-203x135.jpg 203w\" sizes=\"auto, (max-width: 747px) 100vw, 747px\" \/><\/a><\/p>\n<p>Az adom\u00e1ny keretein bel\u00fcl beszerzett eszk\u00f6z\u00f6k nagym\u00e9rt\u00e9kben hozz\u00e1j\u00e1rulnak a betegek mindennapi ell\u00e1t\u00e1s\u00e1hoz, mozg\u00e1ster\u00e1pi\u00e1j\u00e1hoz, seg\u00edtve ezzel gy\u00f3gyul\u00e1sukat, \u00e9s megk\u00f6nny\u00edti a koll\u00e9g\u00e1k munk\u00e1j\u00e1t. Tov\u00e1bb\u00e1 hozz\u00e1j\u00e1rulnak a pihen\u00e9s\u00fckh\u00f6z, regener\u00e1ci\u00f3jukhoz a mindennapi ter\u00e1pi\u00e1k ut\u00e1ni pihen\u0151id\u0151 sor\u00e1n. Ezzel a beszerz\u00e9ssel biztos\u00edtani tudj\u00e1k a fekv\u0151beteg ell\u00e1t\u00f3 minden oszt\u00e1ly sz\u00e1m\u00e1ra ig\u00e9nyeikhez alkalmazkod\u00f3 er\u0151s\u00edt\u0151 \u00e9s fejleszt\u0151 eszk\u00f6z\u00f6ket.<\/p>\n<p><a href=\"https:\/\/semmelweis.hu\/rehabilitaciosklinika\/files\/2022\/10\/rehabint-biotech-jpg-2.jpg\"><img loading=\"lazy\" decoding=\"async\" class=\"aligncenter size-full wp-image-787\" src=\"https:\/\/semmelweis.hu\/rehabilitaciosklinika\/files\/2022\/10\/rehabint-biotech-jpg-2.jpg\" alt=\"\" width=\"751\" height=\"497\" srcset=\"https:\/\/semmelweis.hu\/rehabilitaciosklinika\/files\/2022\/10\/rehabint-biotech-jpg-2.jpg 751w, https:\/\/semmelweis.hu\/rehabilitaciosklinika\/files\/2022\/10\/rehabint-biotech-jpg-2-400x265.jpg 400w, https:\/\/semmelweis.hu\/rehabilitaciosklinika\/files\/2022\/10\/rehabint-biotech-jpg-2-203x135.jpg 203w\" sizes=\"auto, (max-width: 751px) 100vw, 751px\" \/><\/a><\/p>\n<p>\u201eAz Orsz\u00e1gos Mozg\u00e1sszervi Int\u00e9zet-OORI szakemberei arra hivatottak, hogy a hozz\u00e1nk fordul\u00f3 s\u00e9r\u00fclt emberek a lehet\u0151 legjobb k\u00f6r\u00fclm\u00e9nyek k\u00f6z\u00f6tt a lehet\u0151 legt\u00f6bb t\u00e1mogat\u00e1st megkapva gy\u00f3gyulhassanak, hogy ism\u00e9t \u00f6n\u00e1ll\u00f3an \u00e9s tev\u00e9kenyen \u00e9lhess\u00e9k megszokott \u00e9let\u00fcket. Int\u00e9zm\u00e9ny\u00fcnk csod\u00e1latos term\u00e9szeti k\u00f6rnyezetben \u00e9s eur\u00f3pai sz\u00ednvonal\u00fa \u00e9p\u00fcletben val\u00f3s\u00edtja meg a komplex orvosi rehabilit\u00e1ci\u00f3t.\u00a0A vil\u00e1gj\u00e1rv\u00e1ny magyarorsz\u00e1gi kezdete \u00f3ta imm\u00e1r t\u00f6bb mint k\u00e9t \u00e9ve Int\u00e9zet\u00fcnk\u00a0 is r\u00e9szt vesz a COVID 19 fert\u0151z\u00f6tt betegek ell\u00e1t\u00e1s\u00e1ban. K\u00f3rh\u00e1zi olt\u00f3pontunkon k\u00f6zel 30.000 Covid-19 elleni v\u00e9d\u0151olt\u00e1st adtunk be. A j\u00e1rv\u00e1ny elleni v\u00e9dekez\u00e9sben sz\u00e1mtalan olyan feladattal kellett megbirk\u00f3znia k\u00f6z\u00f6ss\u00e9g\u00fcnknek, mely az Int\u00e9zet alaptev\u00e9kenys\u00e9g\u00e9nek nem k\u00e9pezi mindennapi r\u00e9sz\u00e9t. Koll\u00e9g\u00e1ink egy olyan helyzetben teljes\u00edtettek maxim\u00e1lis odaad\u00e1ssal \u00e9s szakmais\u00e1ggal, mely teljesen m\u00e1s hozz\u00e1\u00e1ll\u00e1st, protokollt \u00e9s dinamik\u00e1t k\u00edv\u00e1nt meg t\u0151l\u00fck, amely az akut ell\u00e1t\u00e1st nem v\u00e9gz\u0151 k\u00f3rh\u00e1zak sz\u00e1m\u00e1ra nem h\u00e9tk\u00f6znapi feladat. Ezut\u00e1n a megfesz\u00edtett id\u0151szak ut\u00e1n, amely a mai napig \u00e9rezteti hat\u00e1s\u00e1t, a mostani adom\u00e1ny seg\u00edti koll\u00e9g\u00e1inkat a betegell\u00e1t\u00e1s szintj\u00e9n jelentkez\u0151 eszk\u00f6zhi\u00e1ny p\u00f3tl\u00e1s\u00e1ra, a terhel\u00e9s \u00e9s t\u00falterhel\u00e9s k\u00f6vetkezt\u00e9ben jelentkez\u0151 mozg\u00e1sszervi panaszaink enyh\u00edt\u00e9s\u00e9re \u00e9s a regener\u00e1ci\u00f3ra\u201d \u2013 mondta az adom\u00e1ny \u00e1tad\u00e1s\u00e1n dr. Cserh\u00e1ti P\u00e9ter, az OMINT-OORI orvos-igazgat\u00f3ja.<\/p>\n","protected":false},"excerpt":{"rendered":"<p>A BioTechUSA \u00e9trendkieg\u00e9sz\u00edt\u0151kkel \u00e9s sporteszk\u00f6z\u00f6kkel t\u00e1mogatta az Orsz\u00e1gos Orvosi Rehabilit\u00e1ci\u00f3s Int\u00e9zet dolgoz\u00f3it \u00e9s betegeit. A BioTechUSA-c\u00e9gcsoport tizen\u00f6tmilli\u00f3 forint \u00e9rt\u00e9k\u0171 t\u00e1mogat\u00e1sban r\u00e9szes\u00edtette az Orsz\u00e1gos Mozg\u00e1sszervi Int\u00e9zet Rehabilit\u00e1ci\u00f3s K\u00f3rh\u00e1z\u00e1t, melynek keret\u00e9ben 1500 doboz vitamin- \u00e9s \u00e1sv\u00e1nyi anyag k\u00e9sz\u00edtm\u00e9nyt \u00e9s mintegy 1000 darab feh\u00e9rjeitalt aj\u00e1nlottak fel a dolgoz\u00f3knak, valamint a rehabilit\u00e1ci\u00f3 folyamat\u00e1ban alkalmazhat\u00f3 eszk\u00f6z\u00f6ket v\u00e1s\u00e1roltak a betegek \u00e9s &hellip;<\/p>\n","protected":false},"author":102388,"featured_media":788,"comment_status":"closed","ping_status":"closed","sticky":false,"template":"","format":"standard","meta":{"_acf_changed":false,"footnotes":""},"categories":[1],"tags":[],"class_list":["post-56","post","type-post","status-publish","format-standard","has-post-thumbnail","hentry","category-hirek"],"acf":[],"_links":{"self":[{"href":"https:\/\/semmelweis.hu\/rehabilitaciosklinika\/wp-json\/wp\/v2\/posts\/56","targetHints":{"allow":["GET"]}}],"collection":[{"href":"https:\/\/semmelweis.hu\/rehabilitaciosklinika\/wp-json\/wp\/v2\/posts"}],"about":[{"href":"https:\/\/semmelweis.hu\/rehabilitaciosklinika\/wp-json\/wp\/v2\/types\/post"}],"author":[{"embeddable":true,"href":"https:\/\/semmelweis.hu\/rehabilitaciosklinika\/wp-json\/wp\/v2\/users\/102388"}],"replies":[{"embeddable":true,"href":"https:\/\/semmelweis.hu\/rehabilitaciosklinika\/wp-json\/wp\/v2\/comments?post=56"}],"version-history":[{"count":6,"href":"https:\/\/semmelweis.hu\/rehabilitaciosklinika\/wp-json\/wp\/v2\/posts\/56\/revisions"}],"predecessor-version":[{"id":793,"href":"https:\/\/semmelweis.hu\/rehabilitaciosklinika\/wp-json\/wp\/v2\/posts\/56\/revisions\/793"}],"wp:featuredmedia":[{"embeddable":true,"href":"https:\/\/semmelweis.hu\/rehabilitaciosklinika\/wp-json\/wp\/v2\/media\/788"}],"wp:attachment":[{"href":"https:\/\/semmelweis.hu\/rehabilitaciosklinika\/wp-json\/wp\/v2\/media?parent=56"}],"wp:term":[{"taxonomy":"category","embeddable":true,"href":"https:\/\/semmelweis.hu\/rehabilitaciosklinika\/wp-json\/wp\/v2\/categories?post=56"},{"taxonomy":"post_tag","embeddable":true,"href":"https:\/\/semmelweis.hu\/rehabilitaciosklinika\/wp-json\/wp\/v2\/tags?post=56"}],"curies":[{"name":"wp","href":"https:\/\/api.w.org\/{rel}","templated":true}]}}