{"id":3877,"date":"2026-04-29T10:26:21","date_gmt":"2026-04-29T08:26:21","guid":{"rendered":"https:\/\/semmelweis.hu\/rehabilitaciosklinika\/?p=3877"},"modified":"2026-04-29T10:26:21","modified_gmt":"2026-04-29T08:26:21","slug":"nagy-talalkozas-volt-az-idei-meri-sportnap","status":"publish","type":"post","link":"https:\/\/semmelweis.hu\/rehabilitaciosklinika\/2026\/04\/nagy-talalkozas-volt-az-idei-meri-sportnap\/","title":{"rendered":"Nagy tal\u00e1lkoz\u00e1s volt az idei MERI Sportnap!"},"content":{"rendered":"<p>2026. \u00e1prilis 25-\u00e9n ism\u00e9t megrendezt\u00fck a Magyar Paralimpiai Bizotts\u00e1ggal, valamint a Mozg\u00e1skorl\u00e1tozottak Egyes\u00fcleteinek Orsz\u00e1gos Sz\u00f6vets\u00e9g\u00e9vel, illetve a Parakt\u00edv Alap\u00edtv\u00e1nnyal k\u00f6z\u00f6sen a XI. MERI Sportnapot a Semmelweis Egyetem Rehabilit\u00e1ci\u00f3s Klinik\u00e1j\u00e1n, amely a mozg\u00e1skorl\u00e1tozott emberek sz\u00e1m\u00e1ra szervezett \u00e9lm\u00e9ny-\u00e9s szabadid\u0151sport rendezv\u00e9ny. Felemel\u0151 \u00e9rz\u00e9s volt l\u00e1tni, hogy ilyen sok sport\u00e1g mutatkozhatott be \u00fajra, \u00e9s hogy mindez ekkora \u00e9rdekl\u0151d\u00e9st v\u00e1ltott ki.<\/p>\n<p>L\u00e9lekemel\u0151 volt nek\u00fcnk is r\u00e9gi betegeinkkel tal\u00e1lkozni \u00e9s azt tapasztalni, hogy ugyan megv\u00e1ltozott az \u00e9let\u00fck, de megtal\u00e1lt\u00e1k a hely\u00fcket a vil\u00e1gban, a sportban, mosolyognak \u00e9s b\u00fcszkes\u00e9g, kiegyens\u00falyozotts\u00e1g sug\u00e1rzik a szem\u00fckb\u0151l. A sport jelent\u0151s\u00e9ge, \u00f6r\u00f6me, valamint a mozg\u00e1s \u00e1ltal ny\u00fajtott kiteljesed\u00e9s \u00e9s az eg\u00e9szs\u00e9g \u00e9lm\u00e9nye egyar\u00e1nt hozz\u00e1j\u00e1rult ahhoz, hogy kicsik \u00e9s nagyok, id\u0151sek \u00e9s fiatalok egyar\u00e1nt r\u00e9szt vegyenek ezen a fantasztikus esem\u00e9nyen. A rendezv\u00e9ny k\u00fcl\u00f6nlegess\u00e9ge, hogy minden \u00e9rdekl\u0151d\u0151nek lehet\u0151s\u00e9ge ny\u00edlt kipr\u00f3b\u00e1lni a 25 f\u00e9le paralimpiai \u00e9s nem paralimpiai, ny\u00e1ri \u00e9s t\u00e9li, sz\u00e1raz \u00e9s vizes sport\u00e1gat, azok speci\u00e1lis eszk\u00f6zeit.<\/p>\n<p>Az alkalmat t\u00f6bb m\u00e1s alap\u00edtv\u00e1ny \u00e9s szponzor t\u00e1mogatta. \u00cdgy m\u00f3d volt megoldani a jelentkez\u0151k sz\u00e1ll\u00edt\u00e1s\u00e1t az orsz\u00e1g sz\u00e1mos pontj\u00e1r\u00f3l, vagy \u00e1sv\u00e1nyv\u00edz \u00e9s sal\u00e1ta friss\u00edt\u0151vel kedveskedni nekik.<\/p>\n<p>Egy ilyen esem\u00e9ny \u00f6sszehozza az embereket, ahol mindenki \u00f6nmaga lehet, \u00faj bar\u00e1ts\u00e1gok sz\u00fcletnek \u00e9s r\u00e9giek \u00e9lednek \u00fajj\u00e1.<\/p>\n<p>K\u00f6sz\u00f6nj\u00fck minden partner\u00fcnknek, t\u00e1mogat\u00f3nknak, a sajt\u00f3 k\u00e9pvisel\u0151inek, a Semmelweis Egyetem ment\u0151seinek, de els\u0151sorban a nagysz\u00e1m\u00fa \u00f6nk\u00e9ntesnek \u00e1ldozatos munk\u00e1jukat a siker \u00e9rdek\u00e9ben!<\/p>\n<p>&nbsp;<\/p>\n<p>Tov\u00e1bbi inform\u00e1ci\u00f3 \u00e9s a rendezv\u00e9nyr\u0151l k\u00e9sz\u00fclt fot\u00f3k az al\u00e1bbi linkeken tal\u00e1lhat\u00f3:<\/p>\n<p>&nbsp;<\/p>\n<p><a href=\"https:\/\/hparalimpia.hu\/hirek\/2026\/04\/kozel-300-sportolni-vagyo-resztvevo-a-xi-meri-sportnapon\" target=\"_blank\" rel=\"noopener\">https:\/\/hparalimpia.hu\/hirek\/2026\/04\/kozel-300-sportolni-vagyo-resztvevo-a-xi-meri-sportnapon<\/a><\/p>\n<p>&nbsp;<\/p>\n<p><a href=\"https:\/\/archivum.semmelweis.hu\/?c=14744&amp;k=01fc871af2\" target=\"_blank\" rel=\"noopener\">https:\/\/archivum.semmelweis.hu\/?c=14744&amp;k=01fc871af2<\/a><\/p>\n<p>&nbsp;<\/p>\n","protected":false},"excerpt":{"rendered":"<p>2026. \u00e1prilis 25-\u00e9n ism\u00e9t megrendezt\u00fck a Magyar Paralimpiai Bizotts\u00e1ggal, valamint a Mozg\u00e1skorl\u00e1tozottak Egyes\u00fcleteinek Orsz\u00e1gos Sz\u00f6vets\u00e9g\u00e9vel, illetve a Parakt\u00edv Alap\u00edtv\u00e1nnyal k\u00f6z\u00f6sen a XI. MERI Sportnapot a Semmelweis Egyetem Rehabilit\u00e1ci\u00f3s Klinik\u00e1j\u00e1n, amely a mozg\u00e1skorl\u00e1tozott emberek sz\u00e1m\u00e1ra szervezett \u00e9lm\u00e9ny-\u00e9s szabadid\u0151sport rendezv\u00e9ny. Felemel\u0151 \u00e9rz\u00e9s volt l\u00e1tni, hogy ilyen sok sport\u00e1g mutatkozhatott be \u00fajra, \u00e9s hogy mindez ekkora \u00e9rdekl\u0151d\u00e9st v\u00e1ltott &hellip;<\/p>\n","protected":false},"author":102469,"featured_media":3880,"comment_status":"closed","ping_status":"closed","sticky":false,"template":"","format":"standard","meta":{"_acf_changed":false,"footnotes":""},"categories":[1],"tags":[],"class_list":["post-3877","post","type-post","status-publish","format-standard","has-post-thumbnail","hentry","category-hirek"],"acf":[],"_links":{"self":[{"href":"https:\/\/semmelweis.hu\/rehabilitaciosklinika\/wp-json\/wp\/v2\/posts\/3877","targetHints":{"allow":["GET"]}}],"collection":[{"href":"https:\/\/semmelweis.hu\/rehabilitaciosklinika\/wp-json\/wp\/v2\/posts"}],"about":[{"href":"https:\/\/semmelweis.hu\/rehabilitaciosklinika\/wp-json\/wp\/v2\/types\/post"}],"author":[{"embeddable":true,"href":"https:\/\/semmelweis.hu\/rehabilitaciosklinika\/wp-json\/wp\/v2\/users\/102469"}],"replies":[{"embeddable":true,"href":"https:\/\/semmelweis.hu\/rehabilitaciosklinika\/wp-json\/wp\/v2\/comments?post=3877"}],"version-history":[{"count":2,"href":"https:\/\/semmelweis.hu\/rehabilitaciosklinika\/wp-json\/wp\/v2\/posts\/3877\/revisions"}],"predecessor-version":[{"id":3879,"href":"https:\/\/semmelweis.hu\/rehabilitaciosklinika\/wp-json\/wp\/v2\/posts\/3877\/revisions\/3879"}],"wp:featuredmedia":[{"embeddable":true,"href":"https:\/\/semmelweis.hu\/rehabilitaciosklinika\/wp-json\/wp\/v2\/media\/3880"}],"wp:attachment":[{"href":"https:\/\/semmelweis.hu\/rehabilitaciosklinika\/wp-json\/wp\/v2\/media?parent=3877"}],"wp:term":[{"taxonomy":"category","embeddable":true,"href":"https:\/\/semmelweis.hu\/rehabilitaciosklinika\/wp-json\/wp\/v2\/categories?post=3877"},{"taxonomy":"post_tag","embeddable":true,"href":"https:\/\/semmelweis.hu\/rehabilitaciosklinika\/wp-json\/wp\/v2\/tags?post=3877"}],"curies":[{"name":"wp","href":"https:\/\/api.w.org\/{rel}","templated":true}]}}