{"id":3131,"date":"2025-02-26T10:00:53","date_gmt":"2025-02-26T09:00:53","guid":{"rendered":"https:\/\/semmelweis.hu\/rehabilitaciosklinika\/?p=3131"},"modified":"2025-02-26T10:00:53","modified_gmt":"2025-02-26T09:00:53","slug":"4-2025-tombigazgatoi-korlevel-uszodai-teritesi-dijak-valtozasarol","status":"publish","type":"post","link":"https:\/\/semmelweis.hu\/rehabilitaciosklinika\/2025\/02\/4-2025-tombigazgatoi-korlevel-uszodai-teritesi-dijak-valtozasarol\/","title":{"rendered":"4\/2025 T\u00f6mbigazgat\u00f3i k\u00f6rlev\u00e9l \u2013 uszodai t\u00e9r\u00edt\u00e9si d\u00edjak v\u00e1ltoz\u00e1s\u00e1r\u00f3l"},"content":{"rendered":"<p><strong>Tisztelt Uszoda L\u00e1togat\u00f3k!<\/strong><\/p>\n<p>2025. m\u00e1rcius 1-\u00e9t\u0151l az uszodai t\u00e9r\u00edt\u00e9si d\u00edjak az al\u00e1bbiak szerint v\u00e1ltoznak:<br \/>\n<em>(A t\u00e9r\u00edt\u00e9si d\u00edjak a 27 % -os \u00e1f\u00e1-t tartalmazz\u00e1k)<\/em><\/p>\n<p><strong>Semmelweis Egyetem dolgoz\u00f3i \u00e9s csal\u00e1dtagjaik sz\u00e1m\u00e1ra*:<\/strong><\/p>\n<p>1 alkalom :\u00a0<strong>600.- Ft<\/strong><br \/>\n10 alkalom:\u00a0<strong>4.500.- Ft<\/strong><br \/>\n30 alkalom:\u00a0<strong>12.000.- Ft<\/strong><\/p>\n<p><strong>M\u00e1s vend\u00e9gek sz\u00e1m\u00e1ra:<\/strong><br \/>\n1 alkalom:\u00a0<strong>2.500.- Ft<\/strong><br \/>\n10 alkalom:\u00a0<strong>20.000.- Ft<\/strong><br \/>\n30 alkalom:\u00a0<strong>55.000.- Ft<\/strong><\/p>\n<p><strong>Uszoda nyitvatart\u00e1si ideje:<\/strong><br \/>\n<strong>H\u00e9tf\u0151t\u0151l p\u00e9ntekig<\/strong>\u00a0reggeli \u00fasz\u00e1s 6-8 \u00f3ra k\u00f6z\u00f6tt, beteg terapeut\u00e1val \u00fasz\u00e1sa 8-9 \u00f3ra k\u00f6z\u00f6tt.<br \/>\n<strong>H\u00e9tv\u00e9g\u00e9n az uszoda z\u00e1rva tart.<\/strong><\/p>\n<p>*Dolgoz\u00f3: A Semmelweis Egyetemmel szolg\u00e1lati jogviszonyban vagy munkaviszonyban \u00e1ll\u00f3 szem\u00e9ly<br \/>\nCsal\u00e1dtag, k\u00f6zeli hozz\u00e1tartoz\u00f3: a h\u00e1zast\u00e1rs, az egyenes\u00e1gbeli rokon, az \u00f6r\u00f6kbefogadott, a mostoha -\u00e9s a nevelt gyermek, az \u00f6r\u00f6kbefogad\u00f3, a mostoha, \u00e9s a nevel\u0151sz\u00fcl\u0151, valamint a testv\u00e9r.<\/p>\n<p>Budapest, 2025.02.25.<\/p>\n<p><strong>Cs\u00fcrke Ildik\u00f3<\/strong><br \/>\n<strong>T\u00f6mbigazgat\u00f3<\/strong><\/p>\n","protected":false},"excerpt":{"rendered":"<p>Tisztelt Uszoda L\u00e1togat\u00f3k! 2025. m\u00e1rcius 1-\u00e9t\u0151l az uszodai t\u00e9r\u00edt\u00e9si d\u00edjak az al\u00e1bbiak szerint v\u00e1ltoznak: (A t\u00e9r\u00edt\u00e9si d\u00edjak a 27 % -os \u00e1f\u00e1-t tartalmazz\u00e1k) Semmelweis Egyetem dolgoz\u00f3i \u00e9s csal\u00e1dtagjaik sz\u00e1m\u00e1ra*: 1 alkalom :\u00a0600.- Ft 10 alkalom:\u00a04.500.- Ft 30 alkalom:\u00a012.000.- Ft M\u00e1s vend\u00e9gek sz\u00e1m\u00e1ra: 1 alkalom:\u00a02.500.- Ft 10 alkalom:\u00a020.000.- Ft 30 alkalom:\u00a055.000.- Ft Uszoda nyitvatart\u00e1si ideje: H\u00e9tf\u0151t\u0151l &hellip;<\/p>\n","protected":false},"author":102387,"featured_media":2040,"comment_status":"closed","ping_status":"closed","sticky":false,"template":"","format":"standard","meta":{"_acf_changed":false,"footnotes":""},"categories":[1],"tags":[27],"class_list":["post-3131","post","type-post","status-publish","format-standard","has-post-thumbnail","hentry","category-hirek","tag-uszoda"],"acf":[],"_links":{"self":[{"href":"https:\/\/semmelweis.hu\/rehabilitaciosklinika\/wp-json\/wp\/v2\/posts\/3131","targetHints":{"allow":["GET"]}}],"collection":[{"href":"https:\/\/semmelweis.hu\/rehabilitaciosklinika\/wp-json\/wp\/v2\/posts"}],"about":[{"href":"https:\/\/semmelweis.hu\/rehabilitaciosklinika\/wp-json\/wp\/v2\/types\/post"}],"author":[{"embeddable":true,"href":"https:\/\/semmelweis.hu\/rehabilitaciosklinika\/wp-json\/wp\/v2\/users\/102387"}],"replies":[{"embeddable":true,"href":"https:\/\/semmelweis.hu\/rehabilitaciosklinika\/wp-json\/wp\/v2\/comments?post=3131"}],"version-history":[{"count":1,"href":"https:\/\/semmelweis.hu\/rehabilitaciosklinika\/wp-json\/wp\/v2\/posts\/3131\/revisions"}],"predecessor-version":[{"id":3132,"href":"https:\/\/semmelweis.hu\/rehabilitaciosklinika\/wp-json\/wp\/v2\/posts\/3131\/revisions\/3132"}],"wp:featuredmedia":[{"embeddable":true,"href":"https:\/\/semmelweis.hu\/rehabilitaciosklinika\/wp-json\/wp\/v2\/media\/2040"}],"wp:attachment":[{"href":"https:\/\/semmelweis.hu\/rehabilitaciosklinika\/wp-json\/wp\/v2\/media?parent=3131"}],"wp:term":[{"taxonomy":"category","embeddable":true,"href":"https:\/\/semmelweis.hu\/rehabilitaciosklinika\/wp-json\/wp\/v2\/categories?post=3131"},{"taxonomy":"post_tag","embeddable":true,"href":"https:\/\/semmelweis.hu\/rehabilitaciosklinika\/wp-json\/wp\/v2\/tags?post=3131"}],"curies":[{"name":"wp","href":"https:\/\/api.w.org\/{rel}","templated":true}]}}