{"id":2859,"date":"2024-09-06T16:37:19","date_gmt":"2024-09-06T14:37:19","guid":{"rendered":"https:\/\/semmelweis.hu\/rehabilitaciosklinika\/?p=2859"},"modified":"2024-12-12T16:42:15","modified_gmt":"2024-12-12T15:42:15","slug":"mozgastan-az-anatomiai-alapoktol-a-mindennapos-tevekenysegekig-cimmel-jelntettek-meg-szakkonyvet-klinikank-munkatarsai","status":"publish","type":"post","link":"https:\/\/semmelweis.hu\/rehabilitaciosklinika\/2024\/09\/mozgastan-az-anatomiai-alapoktol-a-mindennapos-tevekenysegekig-cimmel-jelntettek-meg-szakkonyvet-klinikank-munkatarsai\/","title":{"rendered":"&#8222;Mozg\u00e1stan \u2013 Az anat\u00f3miai alapokt\u00f3l a mindennapos tev\u00e9kenys\u00e9gekig&#8221; c\u00edmmel jelntettek meg szakk\u00f6nyvet klinik\u00e1nk munkat\u00e1rsai"},"content":{"rendered":"<p>Megjelent V\u00e1mos Tibor Berencsi Andre\u00e1val k\u00f6z\u00f6sen \u00edrt k\u00f6nyve &#8222;Mozg\u00e1stan \u2013 Az anat\u00f3miai alapokt\u00f3l a mindennapos tev\u00e9kenys\u00e9gekig&#8221; c\u00edmmel.<\/p>\n<p>Az els\u0151, bevezet\u0151 r\u00e9sz a mozg\u00e1sszervrendszer fel\u00e9p\u00edt\u00e9s\u00e9vel \u00e9s az izomm\u0171k\u00f6d\u00e9sre vonatkoz\u00f3 legfontosabb alapfogalmakkal foglalkozik, tov\u00e1bb\u00e1 a mozg\u00e1sanyagok \u00f6ssze\u00e1ll\u00edt\u00e1s\u00e1nak alapelveit t\u00e1rgyalja a f\u0151bb feladatt\u00edpusok ment\u00e9n. A m\u00e1sodik r\u00e9sz egy gyakorlati feladatgy\u0171jtem\u00e9ny, z\u00e1r\u00e1sk\u00e9nt pedig a mindennapi \u00e9letben val\u00f3 alkalmaz\u00e1st c\u00e9lz\u00f3 gyakorlatok k\u00f6vetkeznek a k\u00f6tetben Azt rem\u00e9lik, hogy ezzel seg\u00edthetik mindazon k\u00e9szs\u00e9gek elsaj\u00e1t\u00edt\u00e1s\u00e1t, amelyek a gyakorlati munka sor\u00e1n a c\u00e9lzott mozg\u00e1sanyagok \u00f6ssze\u00e1ll\u00edt\u00e1s\u00e1hoz sz\u00fcks\u00e9gesek lesznek.<\/p>\n<p>A k\u00f6nyv az ELTE B\u00e1rczi Guszt\u00e1v Gy\u00f3gypedag\u00f3giai Kar gondoz\u00e1s\u00e1ban jelent meg. A gy\u00f3gypedag\u00f3gus hallgat\u00f3k mellett a k\u00f6tetet haszonnal forgathatj\u00e1k gy\u00f3gytorn\u00e1sz, konduktor \u00e9s gy\u00f3gytestnevel\u0151 hallgat\u00f3k is, de j\u00f3 sz\u00edvvel aj\u00e1nljuk frissen v\u00e9gzett szakembereknek, mozg\u00e1ster\u00e1pia ter\u00fclet\u00e9n dolgoz\u00f3 \u00fajrakezd\u0151 vagy anat\u00f3miai ismereteiket felfriss\u00edteni v\u00e1gy\u00f3 gyakorl\u00f3 szakemberek r\u00e9sz\u00e9re is.<\/p>\n","protected":false},"excerpt":{"rendered":"<p>Megjelent V\u00e1mos Tibor Berencsi Andre\u00e1val k\u00f6z\u00f6sen \u00edrt k\u00f6nyve &#8222;Mozg\u00e1stan \u2013 Az anat\u00f3miai alapokt\u00f3l a mindennapos tev\u00e9kenys\u00e9gekig&#8221; c\u00edmmel. Az els\u0151, bevezet\u0151 r\u00e9sz a mozg\u00e1sszervrendszer fel\u00e9p\u00edt\u00e9s\u00e9vel \u00e9s az izomm\u0171k\u00f6d\u00e9sre vonatkoz\u00f3 legfontosabb alapfogalmakkal foglalkozik, tov\u00e1bb\u00e1 a mozg\u00e1sanyagok \u00f6ssze\u00e1ll\u00edt\u00e1s\u00e1nak alapelveit t\u00e1rgyalja a f\u0151bb feladatt\u00edpusok ment\u00e9n. A m\u00e1sodik r\u00e9sz egy gyakorlati feladatgy\u0171jtem\u00e9ny, z\u00e1r\u00e1sk\u00e9nt pedig a mindennapi \u00e9letben val\u00f3 alkalmaz\u00e1st c\u00e9lz\u00f3 &hellip;<\/p>\n","protected":false},"author":102388,"featured_media":2860,"comment_status":"closed","ping_status":"closed","sticky":false,"template":"","format":"standard","meta":{"_acf_changed":false,"footnotes":""},"categories":[1],"tags":[],"class_list":["post-2859","post","type-post","status-publish","format-standard","has-post-thumbnail","hentry","category-hirek"],"acf":[],"_links":{"self":[{"href":"https:\/\/semmelweis.hu\/rehabilitaciosklinika\/wp-json\/wp\/v2\/posts\/2859","targetHints":{"allow":["GET"]}}],"collection":[{"href":"https:\/\/semmelweis.hu\/rehabilitaciosklinika\/wp-json\/wp\/v2\/posts"}],"about":[{"href":"https:\/\/semmelweis.hu\/rehabilitaciosklinika\/wp-json\/wp\/v2\/types\/post"}],"author":[{"embeddable":true,"href":"https:\/\/semmelweis.hu\/rehabilitaciosklinika\/wp-json\/wp\/v2\/users\/102388"}],"replies":[{"embeddable":true,"href":"https:\/\/semmelweis.hu\/rehabilitaciosklinika\/wp-json\/wp\/v2\/comments?post=2859"}],"version-history":[{"count":1,"href":"https:\/\/semmelweis.hu\/rehabilitaciosklinika\/wp-json\/wp\/v2\/posts\/2859\/revisions"}],"predecessor-version":[{"id":2861,"href":"https:\/\/semmelweis.hu\/rehabilitaciosklinika\/wp-json\/wp\/v2\/posts\/2859\/revisions\/2861"}],"wp:featuredmedia":[{"embeddable":true,"href":"https:\/\/semmelweis.hu\/rehabilitaciosklinika\/wp-json\/wp\/v2\/media\/2860"}],"wp:attachment":[{"href":"https:\/\/semmelweis.hu\/rehabilitaciosklinika\/wp-json\/wp\/v2\/media?parent=2859"}],"wp:term":[{"taxonomy":"category","embeddable":true,"href":"https:\/\/semmelweis.hu\/rehabilitaciosklinika\/wp-json\/wp\/v2\/categories?post=2859"},{"taxonomy":"post_tag","embeddable":true,"href":"https:\/\/semmelweis.hu\/rehabilitaciosklinika\/wp-json\/wp\/v2\/tags?post=2859"}],"curies":[{"name":"wp","href":"https:\/\/api.w.org\/{rel}","templated":true}]}}