{"id":2852,"date":"2024-09-23T16:31:42","date_gmt":"2024-09-23T14:31:42","guid":{"rendered":"https:\/\/semmelweis.hu\/rehabilitaciosklinika\/?p=2852"},"modified":"2024-12-12T16:34:08","modified_gmt":"2024-12-12T15:34:08","slug":"fontos-szakmapolitikai-cikket-jelentettek-meg-kollegaink-az-orvosi-hetilapban","status":"publish","type":"post","link":"https:\/\/semmelweis.hu\/rehabilitaciosklinika\/2024\/09\/fontos-szakmapolitikai-cikket-jelentettek-meg-kollegaink-az-orvosi-hetilapban\/","title":{"rendered":"Fontos szakmapolitikai cikket jelentettek meg koll\u00e9g\u00e1ink az Orvosi Hetilapban"},"content":{"rendered":"<p>A rehabilit\u00e1ci\u00f3s medicina \u00e9s az alapell\u00e1t\u00e1s szakmai egy\u00fcttm\u0171k\u00f6d\u00e9s\u00e9nek \u00faj lehet\u0151s\u00e9geir\u0151l jelentettek meg a k\u00e9t ter\u00fclet vezet\u0151i k\u00f6z\u00f6s publik\u00e1ci\u00f3t az Orvosi Hetilapban. Az \u00edr\u00e1s a 2023. \u00e9vi rehabilit\u00e1ci\u00f3s v\u00e1ndorgy\u0171l\u00e9s f\u00f3rum\u00e1n elhat\u00e1rozott l\u00e9p\u00e9sek egyike, ami rem\u00e9lhet\u0151leg seg\u00edti a betegell\u00e1t\u00e1s folyamatoss\u00e1g\u00e1t a k\u00f3rh\u00e1zi id\u0151szak ut\u00e1n is.<\/p>\n<p><a href=\"https:\/\/semmelweis.hu\/rehabilitaciosklinika\/files\/2024\/12\/202409_oh_38_bekassy.pdf\" target=\"_blank\" rel=\"noopener\">Tov\u00e1bb a cikkhez\u00a0<\/a><\/p>\n","protected":false},"excerpt":{"rendered":"<p>A rehabilit\u00e1ci\u00f3s medicina \u00e9s az alapell\u00e1t\u00e1s szakmai egy\u00fcttm\u0171k\u00f6d\u00e9s\u00e9nek \u00faj lehet\u0151s\u00e9geir\u0151l jelentettek meg a k\u00e9t ter\u00fclet vezet\u0151i k\u00f6z\u00f6s publik\u00e1ci\u00f3t az Orvosi Hetilapban. Az \u00edr\u00e1s a 2023. \u00e9vi rehabilit\u00e1ci\u00f3s v\u00e1ndorgy\u0171l\u00e9s f\u00f3rum\u00e1n elhat\u00e1rozott l\u00e9p\u00e9sek egyike, ami rem\u00e9lhet\u0151leg seg\u00edti a betegell\u00e1t\u00e1s folyamatoss\u00e1g\u00e1t a k\u00f3rh\u00e1zi id\u0151szak ut\u00e1n is.<br \/>\n<a href=\"https:\/\/semmelweis.hu\/rehabilitaciosklinika\/files\/2024\/12\/202409_oh_38_bekassy.pdf\" target=\"_blank\" rel=\"noopener\">Tov\u00e1bb a cikkhez\u00a0<\/a><\/p>\n","protected":false},"author":102388,"featured_media":2640,"comment_status":"closed","ping_status":"closed","sticky":false,"template":"","format":"standard","meta":{"_acf_changed":false,"footnotes":""},"categories":[1],"tags":[],"class_list":["post-2852","post","type-post","status-publish","format-standard","has-post-thumbnail","hentry","category-hirek"],"acf":[],"_links":{"self":[{"href":"https:\/\/semmelweis.hu\/rehabilitaciosklinika\/wp-json\/wp\/v2\/posts\/2852","targetHints":{"allow":["GET"]}}],"collection":[{"href":"https:\/\/semmelweis.hu\/rehabilitaciosklinika\/wp-json\/wp\/v2\/posts"}],"about":[{"href":"https:\/\/semmelweis.hu\/rehabilitaciosklinika\/wp-json\/wp\/v2\/types\/post"}],"author":[{"embeddable":true,"href":"https:\/\/semmelweis.hu\/rehabilitaciosklinika\/wp-json\/wp\/v2\/users\/102388"}],"replies":[{"embeddable":true,"href":"https:\/\/semmelweis.hu\/rehabilitaciosklinika\/wp-json\/wp\/v2\/comments?post=2852"}],"version-history":[{"count":1,"href":"https:\/\/semmelweis.hu\/rehabilitaciosklinika\/wp-json\/wp\/v2\/posts\/2852\/revisions"}],"predecessor-version":[{"id":2854,"href":"https:\/\/semmelweis.hu\/rehabilitaciosklinika\/wp-json\/wp\/v2\/posts\/2852\/revisions\/2854"}],"wp:featuredmedia":[{"embeddable":true,"href":"https:\/\/semmelweis.hu\/rehabilitaciosklinika\/wp-json\/wp\/v2\/media\/2640"}],"wp:attachment":[{"href":"https:\/\/semmelweis.hu\/rehabilitaciosklinika\/wp-json\/wp\/v2\/media?parent=2852"}],"wp:term":[{"taxonomy":"category","embeddable":true,"href":"https:\/\/semmelweis.hu\/rehabilitaciosklinika\/wp-json\/wp\/v2\/categories?post=2852"},{"taxonomy":"post_tag","embeddable":true,"href":"https:\/\/semmelweis.hu\/rehabilitaciosklinika\/wp-json\/wp\/v2\/tags?post=2852"}],"curies":[{"name":"wp","href":"https:\/\/api.w.org\/{rel}","templated":true}]}}