{"id":2845,"date":"2024-09-26T16:16:14","date_gmt":"2024-09-26T14:16:14","guid":{"rendered":"https:\/\/semmelweis.hu\/rehabilitaciosklinika\/?p=2845"},"modified":"2025-03-07T11:56:55","modified_gmt":"2025-03-07T10:56:55","slug":"terapias-celu-daloskonyvet-szerkesztettek-klinikank-munkatarsai","status":"publish","type":"post","link":"https:\/\/semmelweis.hu\/rehabilitaciosklinika\/2024\/09\/terapias-celu-daloskonyvet-szerkesztettek-klinikank-munkatarsai\/","title":{"rendered":"Ter\u00e1pi\u00e1s c\u00e9l\u00fa Dalosk\u00f6nyvet szerkesztettek Klinik\u00e1nk munkat\u00e1rsai"},"content":{"rendered":"<p>A gy\u0171jtem\u00e9nyt azoknak is sz\u00e1njuk, akik k\u00f6zponti idegrendszeri s\u00e9r\u00fcl\u00e9s ut\u00e1n af\u00e1zi\u00e1val, verb\u00e1lis vagy figyelmi akad\u00e1lyozotts\u00e1ggal kell megk\u00fczdeni\u00fck. a dalosk\u00f6nyv els\u0151sorban ter\u00e1pi\u00e1s k\u00f6z\u00f6ss\u00e9gi \u00e9nekl\u00e9s c\u00e9lj\u00e1b\u00f3l k\u00e9sz\u00fclt.<\/p>\n<p>A szerkeszt\u00e9sben az vez\u00e9relt minket, hogy min\u00e9l egyszer\u0171bben \u00e1ttekinthet\u0151 legyen a k\u00f6tet \u00e9s nagyobb bet\u0171kkel egy oldalra ker\u00fclj\u00f6n egy-egy dal sz\u00f6vege. Egy k\u00e9pet is tett\u00fcnk mindegyik dalsz\u00f6veghez, ami a dal \u00e9rtelmez\u00e9s\u00e9hez k\u00f6thet\u0151. N\u00e9h\u00e1ny k\u00e9pet olyan szem\u00e9lyek rajzoltak, akik r\u00e9g\u00f3ta k\u00fczdenek betegs\u00e9g\u00fckkel. Az \u0151 nev\u00fcket k\u00fcl\u00f6n l\u00e1bjegyzetben jel\u00f6lt\u00fck. A dalsz\u00f6vegek mellett sz\u00e1nd\u00e9kosan nem szerepel a harm\u00f3nia, a lekott\u00e1zott mel\u00f3dia \u00e9s az alkot\u00f3 neve, hiszen az volt a c\u00e9lunk, hogy l\u00e1t\u00e1si, figyelmi probl\u00e9ma eset\u00e9n is seg\u00edts\u00fck a sz\u00f6vegk\u00e9pre t\u00f6rt\u00e9n\u0151 f\u00f3kuszt.<\/p>\n<p>Szerkesztett\u00e9k: Fekete Zs\u00f3fia, Cselen\u00e1k Zsolt \u00e9s Ol\u00e1h Marcell<br \/>\nLektor\u00e1lta: Grimmn\u00e9 \u00c1cs Ildik\u00f3<\/p>\n<p><a class=\"btn btn-secondary\" target=\"_blank\" rel=\"noopener\" href=\"https:\/\/semmelweis.hu\/rehabilitaciosklinika\/files\/2024\/12\/daloskonyv_2024.pdf\">Dalosk\u00f6nyv megtekint\u00e9se \/ let\u00f6lt\u00e9se (pdf)<\/a><\/p>\n<p>&nbsp;<\/p>\n","protected":false},"excerpt":{"rendered":"<p>A gy\u0171jtem\u00e9nyt azoknak is sz\u00e1njuk, akik k\u00f6zponti idegrendszeri s\u00e9r\u00fcl\u00e9s ut\u00e1n af\u00e1zi\u00e1val, verb\u00e1lis vagy figyelmi akad\u00e1lyozotts\u00e1ggal kell megk\u00fczdeni\u00fck. a dalosk\u00f6nyv els\u0151sorban ter\u00e1pi\u00e1s k\u00f6z\u00f6ss\u00e9gi \u00e9nekl\u00e9s c\u00e9lj\u00e1b\u00f3l k\u00e9sz\u00fclt. A szerkeszt\u00e9sben az vez\u00e9relt minket, hogy min\u00e9l egyszer\u0171bben \u00e1ttekinthet\u0151 legyen a k\u00f6tet \u00e9s nagyobb bet\u0171kkel egy oldalra ker\u00fclj\u00f6n egy-egy dal sz\u00f6vege. Egy k\u00e9pet is tett\u00fcnk mindegyik dalsz\u00f6veghez, ami a dal &hellip;<\/p>\n","protected":false},"author":102388,"featured_media":2846,"comment_status":"closed","ping_status":"closed","sticky":false,"template":"","format":"standard","meta":{"_acf_changed":false,"footnotes":""},"categories":[1],"tags":[],"class_list":["post-2845","post","type-post","status-publish","format-standard","has-post-thumbnail","hentry","category-hirek"],"acf":[],"_links":{"self":[{"href":"https:\/\/semmelweis.hu\/rehabilitaciosklinika\/wp-json\/wp\/v2\/posts\/2845","targetHints":{"allow":["GET"]}}],"collection":[{"href":"https:\/\/semmelweis.hu\/rehabilitaciosklinika\/wp-json\/wp\/v2\/posts"}],"about":[{"href":"https:\/\/semmelweis.hu\/rehabilitaciosklinika\/wp-json\/wp\/v2\/types\/post"}],"author":[{"embeddable":true,"href":"https:\/\/semmelweis.hu\/rehabilitaciosklinika\/wp-json\/wp\/v2\/users\/102388"}],"replies":[{"embeddable":true,"href":"https:\/\/semmelweis.hu\/rehabilitaciosklinika\/wp-json\/wp\/v2\/comments?post=2845"}],"version-history":[{"count":2,"href":"https:\/\/semmelweis.hu\/rehabilitaciosklinika\/wp-json\/wp\/v2\/posts\/2845\/revisions"}],"predecessor-version":[{"id":3142,"href":"https:\/\/semmelweis.hu\/rehabilitaciosklinika\/wp-json\/wp\/v2\/posts\/2845\/revisions\/3142"}],"wp:featuredmedia":[{"embeddable":true,"href":"https:\/\/semmelweis.hu\/rehabilitaciosklinika\/wp-json\/wp\/v2\/media\/2846"}],"wp:attachment":[{"href":"https:\/\/semmelweis.hu\/rehabilitaciosklinika\/wp-json\/wp\/v2\/media?parent=2845"}],"wp:term":[{"taxonomy":"category","embeddable":true,"href":"https:\/\/semmelweis.hu\/rehabilitaciosklinika\/wp-json\/wp\/v2\/categories?post=2845"},{"taxonomy":"post_tag","embeddable":true,"href":"https:\/\/semmelweis.hu\/rehabilitaciosklinika\/wp-json\/wp\/v2\/tags?post=2845"}],"curies":[{"name":"wp","href":"https:\/\/api.w.org\/{rel}","templated":true}]}}