{"id":2841,"date":"2024-10-02T16:11:29","date_gmt":"2024-10-02T14:11:29","guid":{"rendered":"https:\/\/semmelweis.hu\/rehabilitaciosklinika\/?p=2841"},"modified":"2024-12-12T16:15:36","modified_gmt":"2024-12-12T15:15:36","slug":"az-ergoterapia-munkatarsa-reszt-vett-a-motor-control-2024-nemzetkozi-konferencian","status":"publish","type":"post","link":"https:\/\/semmelweis.hu\/rehabilitaciosklinika\/2024\/10\/az-ergoterapia-munkatarsa-reszt-vett-a-motor-control-2024-nemzetkozi-konferencian\/","title":{"rendered":"Az Ergoter\u00e1pia munkat\u00e1rsa r\u00e9szt vett a Motor Control 2024 nemzetk\u00f6zi konferenci\u00e1n"},"content":{"rendered":"<p>2024. szeptember 18-20. k\u00f6z\u00f6tt rendezt\u00e9k meg a 6th International Scientific Conference on Motor Control konferenci\u00e1t a lengyelorsz\u00e1gi Wis\u0142a-ban. A konferenci\u00e1t az International Society for Motor Control \u00e9gisze alatt a katowicei Jerzy Kukuczka Academy of Physical Education, Department of Motor Behavior rendezte meg. A r\u00e9sztvev\u0151k Lengyelorsz\u00e1gon t\u00fal az Amerikai Egyes\u00fclt \u00c1llamokat, Kanad\u00e1t, az Egyes\u00fclt Kir\u00e1lys\u00e1got, Braz\u00edli\u00e1t, Jap\u00e1nt, K\u00edn\u00e1t, \u00e9s Eur\u00f3pa sz\u00e1mos orsz\u00e1g\u00e1t k\u00e9pviselt\u00e9k.<\/p>\n<p>A SE Rehabilit\u00e1ci\u00f3s Klinika K\u00f6zponti Ergoter\u00e1pi\u00e1r\u00f3l int\u00e9zm\u00e9ny\u00fcnket dr. V\u00e1mos Tibor PhD k\u00e9pviselte, aki h\u00e1rom poszter prezent\u00e1ci\u00f3 bemutat\u00e1s\u00e1ban vett r\u00e9szt.<\/p>\n<ul>\n<li>Tibor V\u00e1mos and Andrea Berencsi: Motor learning of hand grip as a function of upper limb status after stroke<\/li>\n<li>Andrea Berencsi, Evelyn Ardai, Gabriella Papp and Tibor V\u00e1mos: Postural control training with Nintendo Wii in Down syndrome<\/li>\n<li>Andrea Berencsi and Tibor V\u00e1mos: Mapping hand function in rare developmental disorders<\/li>\n<\/ul>\n<p>A bemutatott t\u00e9m\u00e1k az ELTE BGGYK Mozg\u00e1stanul\u00e1s \u00e9s mozg\u00e1sszab\u00e1lyoz\u00e1s kutat\u00f3csoportj\u00e1val egy\u00fcttm\u0171k\u00f6d\u00e9sben val\u00f3sultak meg.<\/p>\n<p>A konferencia honlapja itt el\u00e9rhet\u0151: <a href=\"https:\/\/motorcontrol.pl\/\" target=\"_blank\" rel=\"noopener\">https:\/\/motorcontrol.pl\/<\/a><br \/>\nA konferenci\u00e1n r\u00e9szt vett tov\u00e1bb\u00e1 Laczk\u00f3 J\u00f3zsef professzor \u00far kutat\u00f3csoportja is.<\/p>\n<p><a href=\"https:\/\/semmelweis.hu\/rehabilitaciosklinika\/files\/2024\/12\/202410_motor_control.jpg\"><img loading=\"lazy\" decoding=\"async\" class=\"aligncenter size-large wp-image-2842\" src=\"https:\/\/semmelweis.hu\/rehabilitaciosklinika\/files\/2024\/12\/202410_motor_control-1024x683.jpg\" alt=\"\" width=\"753\" height=\"502\" srcset=\"https:\/\/semmelweis.hu\/rehabilitaciosklinika\/files\/2024\/12\/202410_motor_control-1024x683.jpg 1024w, https:\/\/semmelweis.hu\/rehabilitaciosklinika\/files\/2024\/12\/202410_motor_control-400x267.jpg 400w, https:\/\/semmelweis.hu\/rehabilitaciosklinika\/files\/2024\/12\/202410_motor_control-768x513.jpg 768w, https:\/\/semmelweis.hu\/rehabilitaciosklinika\/files\/2024\/12\/202410_motor_control-1536x1025.jpg 1536w, https:\/\/semmelweis.hu\/rehabilitaciosklinika\/files\/2024\/12\/202410_motor_control-753x503.jpg 753w, https:\/\/semmelweis.hu\/rehabilitaciosklinika\/files\/2024\/12\/202410_motor_control-203x135.jpg 203w, https:\/\/semmelweis.hu\/rehabilitaciosklinika\/files\/2024\/12\/202410_motor_control.jpg 1900w\" sizes=\"auto, (max-width: 753px) 100vw, 753px\" \/><\/a><\/p>\n","protected":false},"excerpt":{"rendered":"<p>2024. szeptember 18-20. k\u00f6z\u00f6tt rendezt\u00e9k meg a 6th International Scientific Conference on Motor Control konferenci\u00e1t a lengyelorsz\u00e1gi Wis\u0142a-ban. A konferenci\u00e1t az International Society for Motor Control \u00e9gisze alatt a katowicei Jerzy Kukuczka Academy of Physical Education, Department of Motor Behavior rendezte meg. A r\u00e9sztvev\u0151k Lengyelorsz\u00e1gon t\u00fal az Amerikai Egyes\u00fclt \u00c1llamokat, Kanad\u00e1t, az Egyes\u00fclt Kir\u00e1lys\u00e1got, Braz\u00edli\u00e1t, &hellip;<\/p>\n","protected":false},"author":102388,"featured_media":2842,"comment_status":"closed","ping_status":"closed","sticky":false,"template":"","format":"standard","meta":{"_acf_changed":false,"footnotes":""},"categories":[1],"tags":[],"class_list":["post-2841","post","type-post","status-publish","format-standard","has-post-thumbnail","hentry","category-hirek"],"acf":[],"_links":{"self":[{"href":"https:\/\/semmelweis.hu\/rehabilitaciosklinika\/wp-json\/wp\/v2\/posts\/2841","targetHints":{"allow":["GET"]}}],"collection":[{"href":"https:\/\/semmelweis.hu\/rehabilitaciosklinika\/wp-json\/wp\/v2\/posts"}],"about":[{"href":"https:\/\/semmelweis.hu\/rehabilitaciosklinika\/wp-json\/wp\/v2\/types\/post"}],"author":[{"embeddable":true,"href":"https:\/\/semmelweis.hu\/rehabilitaciosklinika\/wp-json\/wp\/v2\/users\/102388"}],"replies":[{"embeddable":true,"href":"https:\/\/semmelweis.hu\/rehabilitaciosklinika\/wp-json\/wp\/v2\/comments?post=2841"}],"version-history":[{"count":1,"href":"https:\/\/semmelweis.hu\/rehabilitaciosklinika\/wp-json\/wp\/v2\/posts\/2841\/revisions"}],"predecessor-version":[{"id":2844,"href":"https:\/\/semmelweis.hu\/rehabilitaciosklinika\/wp-json\/wp\/v2\/posts\/2841\/revisions\/2844"}],"wp:featuredmedia":[{"embeddable":true,"href":"https:\/\/semmelweis.hu\/rehabilitaciosklinika\/wp-json\/wp\/v2\/media\/2842"}],"wp:attachment":[{"href":"https:\/\/semmelweis.hu\/rehabilitaciosklinika\/wp-json\/wp\/v2\/media?parent=2841"}],"wp:term":[{"taxonomy":"category","embeddable":true,"href":"https:\/\/semmelweis.hu\/rehabilitaciosklinika\/wp-json\/wp\/v2\/categories?post=2841"},{"taxonomy":"post_tag","embeddable":true,"href":"https:\/\/semmelweis.hu\/rehabilitaciosklinika\/wp-json\/wp\/v2\/tags?post=2841"}],"curies":[{"name":"wp","href":"https:\/\/api.w.org\/{rel}","templated":true}]}}