{"id":2836,"date":"2024-11-26T15:45:38","date_gmt":"2024-11-26T14:45:38","guid":{"rendered":"https:\/\/semmelweis.hu\/rehabilitaciosklinika\/?p=2836"},"modified":"2024-12-12T15:50:08","modified_gmt":"2024-12-12T14:50:08","slug":"szakmai-kulondijat-vehetett-at-klinikank-a-magyar-korhazszovetseg-es-a-medicina-forum-kozos-konferenciajan","status":"publish","type":"post","link":"https:\/\/semmelweis.hu\/rehabilitaciosklinika\/2024\/11\/szakmai-kulondijat-vehetett-at-klinikank-a-magyar-korhazszovetseg-es-a-medicina-forum-kozos-konferenciajan\/","title":{"rendered":"Szakmai k\u00fcl\u00f6nd\u00edjat vehetett \u00e1t Klinik\u00e1nk a Magyar K\u00f3rh\u00e1zsz\u00f6vets\u00e9g \u00e9s a Medicina F\u00f3rum k\u00f6z\u00f6s konferenci\u00e1j\u00e1n"},"content":{"rendered":"<p>A Magyar K\u00f3rh\u00e1zsz\u00f6vets\u00e9g \u00e9s a Medicina F\u00f3rum k\u00f6z\u00f6s konferenci\u00e1j\u00e1n. Az esem\u00e9nyen a hagyom\u00e1nyoknak megfelel\u0151en bemutatt\u00e1k az 12. alkalommal megjelen\u0151 Medicina \u00e9vk\u00f6nyvet \u00e9s \u00e1tadt\u00e1k a hozz\u00e1 k\u00f6t\u0151d\u0151 kiv\u00e1l\u00f3s\u00e1gi d\u00edjakat az eg\u00e9szs\u00e9g\u00fcgyi \u00e1gazatban kimagasl\u00f3 teljes\u00edtm\u00e9nyt ny\u00fajt\u00f3knak, k\u00f6zt\u00fck a Semmelweis Egyetem t\u00f6bb munkat\u00e1rs\u00e1nak \u00e9s hallgat\u00f3j\u00e1nak.<\/p>\n<p>A HARTMANN-RICO Hung\u00e1ria Kft \u2013 Medicina szakmai k\u00fcl\u00f6nd\u00edjat az id\u00e9n a zs\u0171ri <strong>a Semmelweis Egyetem<\/strong> <strong>Rehabilit\u00e1ci\u00f3s Klinik\u00e1j\u00e1nak<\/strong>, azaz klinik\u00e1nknak \u00edt\u00e9lte oda. Az indokl\u00e1s szerint az int\u00e9zet a sz\u00ednvonalas betegell\u00e1t\u00e1s \u00e9rdek\u00e9ben nagy hangs\u00falyt fektet az int\u00e9zm\u00e9nyi k\u00e9pz\u00e9sben r\u00e9sztvev\u0151k szakmai fejl\u0151d\u00e9s\u00e9nek \u00e9s tudom\u00e1nyos munk\u00e1j\u00e1nak el\u0151seg\u00edt\u00e9s\u00e9re, orsz\u00e1gos \u00e9s nemzetk\u00f6zi szint\u0171 k\u00e9pz\u00e9st biztos\u00edtva az ott tanul\u00f3 hallgat\u00f3knak. Az orsz\u00e1g legjobban felszerelt rehabilit\u00e1ci\u00f3s int\u00e9zm\u00e9nye, sz\u00e9les spektrumban biztos\u00edtj\u00e1k a betegek testi-lelki rehabilit\u00e1l\u00e1s\u00e1t. A kr\u00f3nikus sebkezel\u00e9st modern szeml\u00e9lettel v\u00e9gzik, szakmai \u00e9s emberi hozz\u00e1\u00e1ll\u00e1suk p\u00e9lda\u00e9rt\u00e9k\u0171.<\/p>\n<p>A d\u00edj\u00e1tad\u00f3r\u00f3l k\u00e9sz\u00fclt r\u00e9szletes besz\u00e1mol\u00f3 <a href=\"https:\/\/semmelweis.hu\/hirek\/2024\/11\/26\/a-medicina-forum-tobb-dijat-is-elnyertek-a-semmelweis-egyetem-polgarai-es-klinikai\/\" target=\"_blank\" rel=\"noopener\">a Semmelweis H\u00edreken olvashat\u00f3<\/a><br \/>\n<a href=\"https:\/\/semmelweis.hu\/rehabilitaciosklinika\/files\/2024\/12\/ZL_7748-scaled-1.jpg\"><img loading=\"lazy\" decoding=\"async\" class=\"aligncenter size-large wp-image-2837\" src=\"https:\/\/semmelweis.hu\/rehabilitaciosklinika\/files\/2024\/12\/ZL_7748-scaled-1-1024x683.jpg\" alt=\"\" width=\"753\" height=\"502\" srcset=\"https:\/\/semmelweis.hu\/rehabilitaciosklinika\/files\/2024\/12\/ZL_7748-scaled-1-1024x683.jpg 1024w, https:\/\/semmelweis.hu\/rehabilitaciosklinika\/files\/2024\/12\/ZL_7748-scaled-1-400x267.jpg 400w, https:\/\/semmelweis.hu\/rehabilitaciosklinika\/files\/2024\/12\/ZL_7748-scaled-1-768x512.jpg 768w, https:\/\/semmelweis.hu\/rehabilitaciosklinika\/files\/2024\/12\/ZL_7748-scaled-1-1536x1024.jpg 1536w, https:\/\/semmelweis.hu\/rehabilitaciosklinika\/files\/2024\/12\/ZL_7748-scaled-1-753x502.jpg 753w, https:\/\/semmelweis.hu\/rehabilitaciosklinika\/files\/2024\/12\/ZL_7748-scaled-1-203x135.jpg 203w, https:\/\/semmelweis.hu\/rehabilitaciosklinika\/files\/2024\/12\/ZL_7748-scaled-1.jpg 1900w\" sizes=\"auto, (max-width: 753px) 100vw, 753px\" \/><\/a><\/p>\n","protected":false},"excerpt":{"rendered":"<p>A Magyar K\u00f3rh\u00e1zsz\u00f6vets\u00e9g \u00e9s a Medicina F\u00f3rum k\u00f6z\u00f6s konferenci\u00e1j\u00e1n. Az esem\u00e9nyen a hagyom\u00e1nyoknak megfelel\u0151en bemutatt\u00e1k az 12. alkalommal megjelen\u0151 Medicina \u00e9vk\u00f6nyvet \u00e9s \u00e1tadt\u00e1k a hozz\u00e1 k\u00f6t\u0151d\u0151 kiv\u00e1l\u00f3s\u00e1gi d\u00edjakat az eg\u00e9szs\u00e9g\u00fcgyi \u00e1gazatban kimagasl\u00f3 teljes\u00edtm\u00e9nyt ny\u00fajt\u00f3knak, k\u00f6zt\u00fck a Semmelweis Egyetem t\u00f6bb munkat\u00e1rs\u00e1nak \u00e9s hallgat\u00f3j\u00e1nak. A HARTMANN-RICO Hung\u00e1ria Kft \u2013 Medicina szakmai k\u00fcl\u00f6nd\u00edjat az id\u00e9n a zs\u0171ri a &hellip;<\/p>\n","protected":false},"author":102388,"featured_media":2837,"comment_status":"closed","ping_status":"closed","sticky":false,"template":"","format":"standard","meta":{"_acf_changed":false,"footnotes":""},"categories":[1],"tags":[],"class_list":["post-2836","post","type-post","status-publish","format-standard","has-post-thumbnail","hentry","category-hirek"],"acf":[],"_links":{"self":[{"href":"https:\/\/semmelweis.hu\/rehabilitaciosklinika\/wp-json\/wp\/v2\/posts\/2836","targetHints":{"allow":["GET"]}}],"collection":[{"href":"https:\/\/semmelweis.hu\/rehabilitaciosklinika\/wp-json\/wp\/v2\/posts"}],"about":[{"href":"https:\/\/semmelweis.hu\/rehabilitaciosklinika\/wp-json\/wp\/v2\/types\/post"}],"author":[{"embeddable":true,"href":"https:\/\/semmelweis.hu\/rehabilitaciosklinika\/wp-json\/wp\/v2\/users\/102388"}],"replies":[{"embeddable":true,"href":"https:\/\/semmelweis.hu\/rehabilitaciosklinika\/wp-json\/wp\/v2\/comments?post=2836"}],"version-history":[{"count":1,"href":"https:\/\/semmelweis.hu\/rehabilitaciosklinika\/wp-json\/wp\/v2\/posts\/2836\/revisions"}],"predecessor-version":[{"id":2838,"href":"https:\/\/semmelweis.hu\/rehabilitaciosklinika\/wp-json\/wp\/v2\/posts\/2836\/revisions\/2838"}],"wp:featuredmedia":[{"embeddable":true,"href":"https:\/\/semmelweis.hu\/rehabilitaciosklinika\/wp-json\/wp\/v2\/media\/2837"}],"wp:attachment":[{"href":"https:\/\/semmelweis.hu\/rehabilitaciosklinika\/wp-json\/wp\/v2\/media?parent=2836"}],"wp:term":[{"taxonomy":"category","embeddable":true,"href":"https:\/\/semmelweis.hu\/rehabilitaciosklinika\/wp-json\/wp\/v2\/categories?post=2836"},{"taxonomy":"post_tag","embeddable":true,"href":"https:\/\/semmelweis.hu\/rehabilitaciosklinika\/wp-json\/wp\/v2\/tags?post=2836"}],"curies":[{"name":"wp","href":"https:\/\/api.w.org\/{rel}","templated":true}]}}