{"id":2827,"date":"2024-08-27T15:29:15","date_gmt":"2024-08-27T13:29:15","guid":{"rendered":"https:\/\/semmelweis.hu\/rehabilitaciosklinika\/?p=2827"},"modified":"2024-12-12T15:43:48","modified_gmt":"2024-12-12T14:43:48","slug":"a-magyar-paralimpiai-csapat-eskutetelen-kapott-plesa-istvan-dijat-klinikank-igazgatoja-dr-cserhati-peter","status":"publish","type":"post","link":"https:\/\/semmelweis.hu\/rehabilitaciosklinika\/2024\/08\/a-magyar-paralimpiai-csapat-eskutetelen-kapott-plesa-istvan-dijat-klinikank-igazgatoja-dr-cserhati-peter\/","title":{"rendered":"A Magyar Paralimpiai Csapat esk\u00fct\u00e9tel\u00e9n kapott Plesa Istv\u00e1n d\u00edjat klinik\u00e1nk igazgat\u00f3ja, dr. Cserh\u00e1ti P\u00e9ter"},"content":{"rendered":"<p><a href=\"https:\/\/semmelweis.hu\/rehabilitaciosklinika\/files\/2024\/12\/plesa-istvan-dij.jpg\"><img loading=\"lazy\" decoding=\"async\" class=\"alignright size-full wp-image-2834\" src=\"https:\/\/semmelweis.hu\/rehabilitaciosklinika\/files\/2024\/12\/plesa-istvan-dij.jpg\" alt=\"\" width=\"371\" height=\"387\" \/><\/a>A 2024.08.13-\u00e1n budapesti Eiffel M\u0171helyh\u00e1zban tartott magyar paraolimpiai csapat esk\u00fct\u00e9tel \u00fcnneps\u00e9g keret\u00e9n bel\u00fcl, helyett kapott a Magyar Paralimpia Bizotts\u00e1g d\u00edj \u00e1tad\u00f3 rendezv\u00e9ny is.<\/p>\n<p>Plesa Istv\u00e1n kit\u00fcntet\u00e9sben r\u00e9szes\u00fclt <em>Dr. Cserh\u00e1ti P\u00e9ter<\/em> Semmelweis Egyetem Rehabilit\u00e1ci\u00f3s Klinika Klinikai F\u0151igazgat\u00f3ja. \u00a0<\/p>\n<p>Ez\u00faton is Sz\u00edvb\u0151l Gratul\u00e1lunk az elismer\u00e9shez!<\/p>\n","protected":false},"excerpt":{"rendered":"<p><a href=\"https:\/\/semmelweis.hu\/rehabilitaciosklinika\/files\/2024\/12\/plesa-istvan-dij.jpg\"><\/a>A 2024.08.13-\u00e1n budapesti Eiffel M\u0171helyh\u00e1zban tartott magyar paraolimpiai csapat esk\u00fct\u00e9tel \u00fcnneps\u00e9g keret\u00e9n bel\u00fcl, helyett kapott a Magyar Paralimpia Bizotts\u00e1g d\u00edj \u00e1tad\u00f3 rendezv\u00e9ny is.<br \/>\nPlesa Istv\u00e1n kit\u00fcntet\u00e9sben r\u00e9szes\u00fclt Dr. Cserh\u00e1ti P\u00e9ter Semmelweis Egyetem Rehabilit\u00e1ci\u00f3s Klinika Klinikai F\u0151igazgat\u00f3ja. \u00a0<br \/>\nEz\u00faton is Sz\u00edvb\u0151l Gratul\u00e1lunk az elismer\u00e9shez!<\/p>\n","protected":false},"author":102388,"featured_media":2833,"comment_status":"closed","ping_status":"closed","sticky":false,"template":"","format":"standard","meta":{"_acf_changed":false,"footnotes":""},"categories":[1],"tags":[],"class_list":["post-2827","post","type-post","status-publish","format-standard","has-post-thumbnail","hentry","category-hirek"],"acf":[],"_links":{"self":[{"href":"https:\/\/semmelweis.hu\/rehabilitaciosklinika\/wp-json\/wp\/v2\/posts\/2827","targetHints":{"allow":["GET"]}}],"collection":[{"href":"https:\/\/semmelweis.hu\/rehabilitaciosklinika\/wp-json\/wp\/v2\/posts"}],"about":[{"href":"https:\/\/semmelweis.hu\/rehabilitaciosklinika\/wp-json\/wp\/v2\/types\/post"}],"author":[{"embeddable":true,"href":"https:\/\/semmelweis.hu\/rehabilitaciosklinika\/wp-json\/wp\/v2\/users\/102388"}],"replies":[{"embeddable":true,"href":"https:\/\/semmelweis.hu\/rehabilitaciosklinika\/wp-json\/wp\/v2\/comments?post=2827"}],"version-history":[{"count":1,"href":"https:\/\/semmelweis.hu\/rehabilitaciosklinika\/wp-json\/wp\/v2\/posts\/2827\/revisions"}],"predecessor-version":[{"id":2835,"href":"https:\/\/semmelweis.hu\/rehabilitaciosklinika\/wp-json\/wp\/v2\/posts\/2827\/revisions\/2835"}],"wp:featuredmedia":[{"embeddable":true,"href":"https:\/\/semmelweis.hu\/rehabilitaciosklinika\/wp-json\/wp\/v2\/media\/2833"}],"wp:attachment":[{"href":"https:\/\/semmelweis.hu\/rehabilitaciosklinika\/wp-json\/wp\/v2\/media?parent=2827"}],"wp:term":[{"taxonomy":"category","embeddable":true,"href":"https:\/\/semmelweis.hu\/rehabilitaciosklinika\/wp-json\/wp\/v2\/categories?post=2827"},{"taxonomy":"post_tag","embeddable":true,"href":"https:\/\/semmelweis.hu\/rehabilitaciosklinika\/wp-json\/wp\/v2\/tags?post=2827"}],"curies":[{"name":"wp","href":"https:\/\/api.w.org\/{rel}","templated":true}]}}