{"id":2817,"date":"2024-09-25T15:07:33","date_gmt":"2024-09-25T13:07:33","guid":{"rendered":"https:\/\/semmelweis.hu\/rehabilitaciosklinika\/?p=2817"},"modified":"2024-12-12T15:12:38","modified_gmt":"2024-12-12T14:12:38","slug":"az-mta-bolyai-janos-kutatasi-osztondijat-iden-klinikank-munkatarsa-dr-zakarias-lilla-is-elnyerte","status":"publish","type":"post","link":"https:\/\/semmelweis.hu\/rehabilitaciosklinika\/2024\/09\/az-mta-bolyai-janos-kutatasi-osztondijat-iden-klinikank-munkatarsa-dr-zakarias-lilla-is-elnyerte\/","title":{"rendered":"Az MTA Bolyai J\u00e1nos Kutat\u00e1si \u00d6szt\u00f6nd\u00edj\u00e1t id\u00e9n klinik\u00e1nk munkat\u00e1rsa, Dr Zakari\u00e1s Lilla is elnyerte"},"content":{"rendered":"<p><a href=\"https:\/\/semmelweis.hu\/rehabilitaciosklinika\/files\/2024\/12\/202409_zakarias_lilla_bolyai_osztondij.jpg\"><img loading=\"lazy\" decoding=\"async\" class=\"alignright size-medium wp-image-2820\" src=\"https:\/\/semmelweis.hu\/rehabilitaciosklinika\/files\/2024\/12\/202409_zakarias_lilla_bolyai_osztondij-300x400.jpg\" alt=\"\" width=\"300\" height=\"400\" srcset=\"https:\/\/semmelweis.hu\/rehabilitaciosklinika\/files\/2024\/12\/202409_zakarias_lilla_bolyai_osztondij-300x400.jpg 300w, https:\/\/semmelweis.hu\/rehabilitaciosklinika\/files\/2024\/12\/202409_zakarias_lilla_bolyai_osztondij-768x1024.jpg 768w, https:\/\/semmelweis.hu\/rehabilitaciosklinika\/files\/2024\/12\/202409_zakarias_lilla_bolyai_osztondij-753x1004.jpg 753w, https:\/\/semmelweis.hu\/rehabilitaciosklinika\/files\/2024\/12\/202409_zakarias_lilla_bolyai_osztondij.jpg 950w\" sizes=\"auto, (max-width: 300px) 100vw, 300px\" \/><\/a>\u00c1tadt\u00e1k a Magyar Tudom\u00e1nyos Akad\u00e9mia legkiemelked\u0151bb fiatal kutat\u00f3knak j\u00e1r\u00f3, magas preszt\u00edzs\u0171 orsz\u00e1gos t\u00e1mogat\u00e1s\u00e1t, az MTA Bolyai J\u00e1nos Kutat\u00e1si \u00d6szt\u00f6nd\u00edjat. Id\u00e9n klinik\u00e1nk munkat\u00e1rsa, Dr Zakari\u00e1s Lilla PhD is elnyerte az \u00f6szt\u00f6nd\u00edjat \u201eA nyelvi k\u00e9pess\u00e9gek hossz\u00fat\u00e1v\u00fa v\u00e1ltoz\u00e1sa a stroke ut\u00e1ni af\u00e1zia kr\u00f3nikus szakasz\u00e1ban\u201d c\u00edm\u0171 p\u00e1ly\u00e1zat\u00e1val. A Bolyai J\u00e1nos Kutat\u00e1si \u00d6szt\u00f6nd\u00edjr\u00f3l sz\u00f3l\u00f3 oklevelet a d\u00edjazottak a Pesti Vigad\u00f3ban tartott Bolyai-napon vehett\u00e9k \u00e1t a Kurat\u00f3rium eln\u00f6k\u00e9t\u0151l, az Akad\u00e9mia aleln\u00f6k\u00e9t\u0151l \u00e9s a Kurat\u00f3rium tagjait\u00f3l.<\/p>\n<p>A Magyar Tudom\u00e1nyos Akad\u00e9mia 1997-ben alap\u00edtott Bolyai J\u00e1nos Kutat\u00e1si \u00d6szt\u00f6nd\u00edj\u00e1nak c\u00e9lja a kiemelked\u0151 kutat\u00e1s-fejleszt\u00e9si teljes\u00edtm\u00e9ny \u00f6szt\u00f6nz\u00e9se \u00e9s elismer\u00e9se a fiatal kutat\u00f3k k\u00f6r\u00e9ben, valamint az MTA doktora c\u00edm elnyer\u00e9s\u00e9re val\u00f3 felk\u00e9sz\u00fcl\u00e9s el\u0151seg\u00edt\u00e9se.<\/p>\n<p>Zakari\u00e1s Lilla kutat\u00e1s\u00e1nak c\u00e9lja, hogy felt\u00e1rja a nyelvi k\u00e9pess\u00e9gek hossz\u00fat\u00e1v\u00fa v\u00e1ltoz\u00e1sainak mint\u00e1zatait \u00e9s a potenci\u00e1lisan fejl\u0151d\u0151k\u00e9pes ter\u00fcleteket a post-stroke af\u00e1zia kr\u00f3nikus szakasz\u00e1ban, ami hozz\u00e1seg\u00edthet a nyelvi folyamatok \u00fajraszervez\u0151d\u00e9s\u00e9nek jobb meg\u00e9rt\u00e9s\u00e9hez, az intervenci\u00f3s c\u00e9lok pontosabb meghat\u00e1roz\u00e1s\u00e1hoz \u00e9s a ter\u00e1pi\u00e1ra fog\u00e9kony szem\u00e9lyek azonos\u00edt\u00e1s\u00e1hoz.<\/p>\n<p>Az esem\u00e9nyr\u0151l tov\u00e1bbi inform\u00e1ci\u00f3k az <a href=\"https:\/\/mta.hu\/mta_hirei\/az-egesz-szivvel-vegzett-dolgok-maradnak-fenn-osszeallitas-a-bolyai-janos-kutatasi-osztondij-idei-elismereseinek-atadasarol-113887\" target=\"_blank\" rel=\"noopener\">MTA weboldal\u00e1n<\/a> \u00e9rhet\u0151k el<\/p>\n","protected":false},"excerpt":{"rendered":"<p><a href=\"https:\/\/semmelweis.hu\/rehabilitaciosklinika\/files\/2024\/12\/202409_zakarias_lilla_bolyai_osztondij.jpg\"><\/a> \u00c1tadt\u00e1k a Magyar Tudom\u00e1nyos Akad\u00e9mia legkiemelked\u0151bb fiatal kutat\u00f3knak j\u00e1r\u00f3, magas preszt\u00edzs\u0171 orsz\u00e1gos t\u00e1mogat\u00e1s\u00e1t, az MTA Bolyai J\u00e1nos Kutat\u00e1si \u00d6szt\u00f6nd\u00edjat. Id\u00e9n klinik\u00e1nk munkat\u00e1rsa, Dr Zakari\u00e1s Lilla PhD is elnyerte az \u00f6szt\u00f6nd\u00edjat \u201eA nyelvi k\u00e9pess\u00e9gek hossz\u00fat\u00e1v\u00fa v\u00e1ltoz\u00e1sa a stroke ut\u00e1ni af\u00e1zia kr\u00f3nikus szakasz\u00e1ban\u201d c\u00edm\u0171 p\u00e1ly\u00e1zat\u00e1val. A Bolyai J\u00e1nos Kutat\u00e1si \u00d6szt\u00f6nd\u00edjr\u00f3l sz\u00f3l\u00f3 oklevelet a d\u00edjazottak a Pesti Vigad\u00f3ban &hellip;<\/p>\n","protected":false},"author":102388,"featured_media":2819,"comment_status":"closed","ping_status":"closed","sticky":false,"template":"","format":"standard","meta":{"_acf_changed":false,"footnotes":""},"categories":[1],"tags":[],"class_list":["post-2817","post","type-post","status-publish","format-standard","has-post-thumbnail","hentry","category-hirek"],"acf":[],"_links":{"self":[{"href":"https:\/\/semmelweis.hu\/rehabilitaciosklinika\/wp-json\/wp\/v2\/posts\/2817","targetHints":{"allow":["GET"]}}],"collection":[{"href":"https:\/\/semmelweis.hu\/rehabilitaciosklinika\/wp-json\/wp\/v2\/posts"}],"about":[{"href":"https:\/\/semmelweis.hu\/rehabilitaciosklinika\/wp-json\/wp\/v2\/types\/post"}],"author":[{"embeddable":true,"href":"https:\/\/semmelweis.hu\/rehabilitaciosklinika\/wp-json\/wp\/v2\/users\/102388"}],"replies":[{"embeddable":true,"href":"https:\/\/semmelweis.hu\/rehabilitaciosklinika\/wp-json\/wp\/v2\/comments?post=2817"}],"version-history":[{"count":1,"href":"https:\/\/semmelweis.hu\/rehabilitaciosklinika\/wp-json\/wp\/v2\/posts\/2817\/revisions"}],"predecessor-version":[{"id":2822,"href":"https:\/\/semmelweis.hu\/rehabilitaciosklinika\/wp-json\/wp\/v2\/posts\/2817\/revisions\/2822"}],"wp:featuredmedia":[{"embeddable":true,"href":"https:\/\/semmelweis.hu\/rehabilitaciosklinika\/wp-json\/wp\/v2\/media\/2819"}],"wp:attachment":[{"href":"https:\/\/semmelweis.hu\/rehabilitaciosklinika\/wp-json\/wp\/v2\/media?parent=2817"}],"wp:term":[{"taxonomy":"category","embeddable":true,"href":"https:\/\/semmelweis.hu\/rehabilitaciosklinika\/wp-json\/wp\/v2\/categories?post=2817"},{"taxonomy":"post_tag","embeddable":true,"href":"https:\/\/semmelweis.hu\/rehabilitaciosklinika\/wp-json\/wp\/v2\/tags?post=2817"}],"curies":[{"name":"wp","href":"https:\/\/api.w.org\/{rel}","templated":true}]}}