{"id":2808,"date":"2024-09-05T14:46:37","date_gmt":"2024-09-05T12:46:37","guid":{"rendered":"https:\/\/semmelweis.hu\/rehabilitaciosklinika\/?p=2808"},"modified":"2024-12-12T14:57:53","modified_gmt":"2024-12-12T13:57:53","slug":"az-egyik-legjelentosebb-neuropszichologiai-folyoiratban-jelent-meg-munkatarsaink-tanulmanya","status":"publish","type":"post","link":"https:\/\/semmelweis.hu\/rehabilitaciosklinika\/2024\/09\/az-egyik-legjelentosebb-neuropszichologiai-folyoiratban-jelent-meg-munkatarsaink-tanulmanya\/","title":{"rendered":"Az egyik legjelent\u0151sebb neuropszichol\u00f3giai foly\u00f3iratban jelent meg munkat\u00e1rsaink tanulm\u00e1nya"},"content":{"rendered":"<p>Munkat\u00e1rsainknak \u00faj tanulm\u00e1nya jelent meg az egyik legjelent\u0151sebb neuropszichol\u00f3giai foly\u00f3iratban, a\u00a0<strong>Journal of Neuropsycholgy<\/strong>-ban.<\/p>\n<p>Anita Lencs\u00e9s, Bernadett Mikula, Giovanna Mioni, Peter G. Rendell, Zolt\u00e1n D\u00e9nes \u00e9s Gyula Demeter: <strong>Prospective memory functions in traumatic brain injury: The role of neuropsychological deficits, metamemory and impaired self-awareness\u00a0<\/strong><\/p>\n<p>Kutat\u00e1sukban azt vizsg\u00e1lt\u00e1k, hogy milyen hat\u00e1ssal van a traum\u00e1s agys\u00e9r\u00fcl\u00e9s a j\u00f6v\u0151beli sz\u00e1nd\u00e9kok felid\u00e9z\u00e9s\u00e9re. Eredm\u00e9nyeik szerint a k\u00f6zelm\u00faltban agys\u00e9r\u00fcl\u00e9st szenvedett betegek jelent\u0151s neh\u00e9zs\u00e9gekkel k\u00fczdenek a prospekt\u00edv mem\u00f3ria ter\u00e9n, ami mind az esem\u00e9nyek, mind az id\u0151pontok megjegyz\u00e9s\u00e9t \u00e9rinti. Az eredm\u00e9nyek arra utalnak, hogy ez a deficit \u00f6sszef\u00fcgg a figyelem, a feldolgoz\u00e1si sebess\u00e9g, a retrospekt\u00edv eml\u00e9kezet \u00e9s a v\u00e9grehajt\u00f3 funkci\u00f3k k\u00e1rosod\u00e1s\u00e1val, valamint a betegek gyakran al\u00e1becs\u00fclik saj\u00e1t mem\u00f3riaprobl\u00e9m\u00e1ikat.<\/p>\n<p>A tanulm\u00e1ny az al\u00e1bbi linken \u00e9rhet\u0151 el:<br \/>\n<a href=\"https:\/\/bpspsychub.onlinelibrary.wiley.com\/doi\/10.1111\/jnp.12388\" target=\"_blank\" rel=\"noopener\">https:\/\/bpspsychub.onlinelibrary.wiley.com\/doi\/10.1111\/jnp.12388<\/a><\/p>\n<p>Gratul\u00e1lunk!<\/p>\n","protected":false},"excerpt":{"rendered":"<p>Munkat\u00e1rsainknak \u00faj tanulm\u00e1nya jelent meg az egyik legjelent\u0151sebb neuropszichol\u00f3giai foly\u00f3iratban, a\u00a0Journal of Neuropsycholgy-ban. Anita Lencs\u00e9s, Bernadett Mikula, Giovanna Mioni, Peter G. Rendell, Zolt\u00e1n D\u00e9nes \u00e9s Gyula Demeter: Prospective memory functions in traumatic brain injury: The role of neuropsychological deficits, metamemory and impaired self-awareness\u00a0 Kutat\u00e1sukban azt vizsg\u00e1lt\u00e1k, hogy milyen hat\u00e1ssal van a traum\u00e1s agys\u00e9r\u00fcl\u00e9s a j\u00f6v\u0151beli &hellip;<\/p>\n","protected":false},"author":102388,"featured_media":2809,"comment_status":"closed","ping_status":"closed","sticky":false,"template":"","format":"standard","meta":{"_acf_changed":false,"footnotes":""},"categories":[1],"tags":[],"class_list":["post-2808","post","type-post","status-publish","format-standard","has-post-thumbnail","hentry","category-hirek"],"acf":[],"_links":{"self":[{"href":"https:\/\/semmelweis.hu\/rehabilitaciosklinika\/wp-json\/wp\/v2\/posts\/2808","targetHints":{"allow":["GET"]}}],"collection":[{"href":"https:\/\/semmelweis.hu\/rehabilitaciosklinika\/wp-json\/wp\/v2\/posts"}],"about":[{"href":"https:\/\/semmelweis.hu\/rehabilitaciosklinika\/wp-json\/wp\/v2\/types\/post"}],"author":[{"embeddable":true,"href":"https:\/\/semmelweis.hu\/rehabilitaciosklinika\/wp-json\/wp\/v2\/users\/102388"}],"replies":[{"embeddable":true,"href":"https:\/\/semmelweis.hu\/rehabilitaciosklinika\/wp-json\/wp\/v2\/comments?post=2808"}],"version-history":[{"count":1,"href":"https:\/\/semmelweis.hu\/rehabilitaciosklinika\/wp-json\/wp\/v2\/posts\/2808\/revisions"}],"predecessor-version":[{"id":2810,"href":"https:\/\/semmelweis.hu\/rehabilitaciosklinika\/wp-json\/wp\/v2\/posts\/2808\/revisions\/2810"}],"wp:featuredmedia":[{"embeddable":true,"href":"https:\/\/semmelweis.hu\/rehabilitaciosklinika\/wp-json\/wp\/v2\/media\/2809"}],"wp:attachment":[{"href":"https:\/\/semmelweis.hu\/rehabilitaciosklinika\/wp-json\/wp\/v2\/media?parent=2808"}],"wp:term":[{"taxonomy":"category","embeddable":true,"href":"https:\/\/semmelweis.hu\/rehabilitaciosklinika\/wp-json\/wp\/v2\/categories?post=2808"},{"taxonomy":"post_tag","embeddable":true,"href":"https:\/\/semmelweis.hu\/rehabilitaciosklinika\/wp-json\/wp\/v2\/tags?post=2808"}],"curies":[{"name":"wp","href":"https:\/\/api.w.org\/{rel}","templated":true}]}}