{"id":742,"date":"2020-07-16T13:21:07","date_gmt":"2020-07-16T11:21:07","guid":{"rendered":"https:\/\/semmelweis.hu\/rehab\/?p=742"},"modified":"2020-07-16T13:22:21","modified_gmt":"2020-07-16T11:22:21","slug":"rezidensi-talalkozo-2020-szeptember-15","status":"publish","type":"post","link":"https:\/\/semmelweis.hu\/rehab\/2020\/07\/16\/rezidensi-talalkozo-2020-szeptember-15\/","title":{"rendered":"REZIDENSI TAL\u00c1LKOZ\u00d3 2020. szeptember 15."},"content":{"rendered":"<p>Rehabilit\u00e1ci\u00f3s medicina (fizik\u00e1lis medicina \u00e9s rehabilit\u00e1ci\u00f3s orvosl\u00e1s, orvosi rehabilit\u00e1ci\u00f3 mozg\u00e1sszervi ter\u00fcleten) rezidensek, szakorvosjel\u00f6ltek r\u00e9sz\u00e9re<\/p>\n<p><strong>2020. szeptember 15-\u00e9n, kedden, 13:00 \u00f3rai kezdettel<\/strong><\/p>\n<p><strong>Rezidensi Tal\u00e1lkoz\u00f3t<\/strong>\u00a0tartunk.<\/p>\n<p>Helye: Orsz\u00e1gos Orvosi Rehabilit\u00e1ci\u00f3s Int\u00e9zet, F\u0151\u00e9p\u00fclet, II. emelet, F\u0151igazgat\u00f3i T\u00e1rgyal\u00f3<\/p>\n<p>A Tal\u00e1lkoz\u00f3 14:00 \u00f3r\u00e1t\u00f3l a Refer\u00e1l\u00f3 Tudom\u00e1nyos \u00dcl\u00e9s Programj\u00e1val folytat\u00f3dik.<\/p>\n<p>R\u00e9szv\u00e9teli sz\u00e1nd\u00e9kukat a\u00a0<a href=\"mailto:g.tapay@rehabint.hu\">g.tapay@rehabint.hu<\/a>\u00a0e-mail c\u00edmre k\u00fcld\u00f6tt lev\u00e9lben k\u00e9rj\u00fck jelezni.<\/p>\n","protected":false},"excerpt":{"rendered":"<p>Rehabilit\u00e1ci\u00f3s medicina (fizik\u00e1lis medicina \u00e9s rehabilit\u00e1ci\u00f3s orvosl\u00e1s, orvosi rehabilit\u00e1ci\u00f3 mozg\u00e1sszervi ter\u00fcleten) rezidensek, szakorvosjel\u00f6ltek r\u00e9sz\u00e9re<br \/>\n2020. szeptember 15-\u00e9n, kedden, 13:00 \u00f3rai kezdettel<br \/>\nRezidensi Tal\u00e1lkoz\u00f3t\u00a0tartunk.<br \/>\nHelye: Orsz\u00e1gos Orvosi Rehabilit\u00e1ci\u00f3s Int\u00e9zet, F\u0151\u00e9p\u00fclet, II. emelet, F\u0151igazgat\u00f3i T\u00e1rgyal\u00f3<br \/>\nA Tal\u00e1lkoz\u00f3 14:00 \u00f3r\u00e1t\u00f3l a Refer\u00e1l\u00f3 Tudom\u00e1nyos \u00dcl\u00e9s Programj\u00e1val folytat\u00f3dik.<br \/>\nR\u00e9szv\u00e9teli sz\u00e1nd\u00e9kukat a\u00a0<a href=\"mailto:g.tapay@rehabint.hu\">g.tapay@rehabint.hu<\/a>\u00a0e-mail c\u00edmre k\u00fcld\u00f6tt lev\u00e9lben k\u00e9rj\u00fck jelezni.<\/p>\n","protected":false},"author":299,"featured_media":0,"comment_status":"closed","ping_status":"closed","sticky":false,"template":"","format":"standard","meta":{"_acf_changed":false,"footnotes":""},"categories":[2],"tags":[],"class_list":["post-742","post","type-post","status-publish","format-standard","hentry","category-hir"],"acf":[],"_links":{"self":[{"href":"https:\/\/semmelweis.hu\/rehab\/wp-json\/wp\/v2\/posts\/742","targetHints":{"allow":["GET"]}}],"collection":[{"href":"https:\/\/semmelweis.hu\/rehab\/wp-json\/wp\/v2\/posts"}],"about":[{"href":"https:\/\/semmelweis.hu\/rehab\/wp-json\/wp\/v2\/types\/post"}],"author":[{"embeddable":true,"href":"https:\/\/semmelweis.hu\/rehab\/wp-json\/wp\/v2\/users\/299"}],"replies":[{"embeddable":true,"href":"https:\/\/semmelweis.hu\/rehab\/wp-json\/wp\/v2\/comments?post=742"}],"version-history":[{"count":2,"href":"https:\/\/semmelweis.hu\/rehab\/wp-json\/wp\/v2\/posts\/742\/revisions"}],"predecessor-version":[{"id":744,"href":"https:\/\/semmelweis.hu\/rehab\/wp-json\/wp\/v2\/posts\/742\/revisions\/744"}],"wp:attachment":[{"href":"https:\/\/semmelweis.hu\/rehab\/wp-json\/wp\/v2\/media?parent=742"}],"wp:term":[{"taxonomy":"category","embeddable":true,"href":"https:\/\/semmelweis.hu\/rehab\/wp-json\/wp\/v2\/categories?post=742"},{"taxonomy":"post_tag","embeddable":true,"href":"https:\/\/semmelweis.hu\/rehab\/wp-json\/wp\/v2\/tags?post=742"}],"curies":[{"name":"wp","href":"https:\/\/api.w.org\/{rel}","templated":true}]}}