{"id":740,"date":"2020-07-16T13:17:40","date_gmt":"2020-07-16T11:17:40","guid":{"rendered":"https:\/\/semmelweis.hu\/rehab\/?p=740"},"modified":"2020-07-16T13:17:40","modified_gmt":"2020-07-16T11:17:40","slug":"2020-ii-felev-programja","status":"publish","type":"post","link":"https:\/\/semmelweis.hu\/rehab\/2020\/07\/16\/2020-ii-felev-programja\/","title":{"rendered":"2020. II. f\u00e9l\u00e9v programja"},"content":{"rendered":"<p><strong>ORSZ\u00c1GOS ORVOSI REHABILIT\u00c1CI\u00d3S INT\u00c9ZET<\/strong><\/p>\n<ol start=\"2020\">\n<li><strong> II. f\u00e9l\u00e9vi tudom\u00e1nyos refer\u00e1l\u00f3 \u00fcl\u00e9sek beoszt\u00e1sa<\/strong><\/li>\n<\/ol>\n<p>&nbsp;<\/p>\n<p>\u00dcl\u00e9s helye: Nagy El\u0151ad\u00f3 terem (\u00daj \u00e9p\u00fclet fszt.)<\/p>\n<p>\u00dcl\u00e9s ideje: Keddi napokon 14.00<\/p>\n<p>&nbsp;<\/p>\n<table width=\"670\">\n<tbody>\n<tr>\n<td width=\"147\">\n<p><strong>ID\u0150PONT<\/strong><\/p>\n<\/td>\n<td width=\"170\">\n<p><strong>T\u00c9MA<\/strong><\/p>\n<\/td>\n<td width=\"158\">\n<p><strong>\u00dcL\u00c9SELN\u00d6K<\/strong><\/p>\n<\/td>\n<td>\n<p><strong>MEGJEGYZ\u00c9S<\/strong><\/p>\n<\/td>\n<\/tr>\n<tr>\n<td width=\"147\">\n<p>szeptember 15.<\/p>\n<\/td>\n<td width=\"170\">\n<p>Tudom\u00e1nyos nap<\/p>\n<p>PhD. hallgat\u00f3k besz\u00e1mol\u00f3ja\u00a0\u00a0\u00a0\u00a0\u00a0<\/p>\n<\/td>\n<td width=\"158\">\n<p>Dr. D\u00e9nes Zolt\u00e1n<\/p>\n<\/td>\n<td>\n<p>&nbsp;<\/p>\n<\/td>\n<\/tr>\n<tr>\n<td width=\"147\">\n<p>okt\u00f3ber 20.<\/p>\n<\/td>\n<td width=\"170\">\n<p>Vegyes t\u00e9m\u00e1k<\/p>\n<\/td>\n<td width=\"158\">\n<p>Dr. Boros Erzs\u00e9bet<\/p>\n<\/td>\n<td>\n<p>&nbsp;<\/p>\n<p>&nbsp;<\/p>\n<p>&nbsp;<\/p>\n<\/td>\n<\/tr>\n<tr>\n<td width=\"147\">\n<p>november 3.<\/p>\n<\/td>\n<td width=\"170\">\n<p>TEAM tagok f\u00f3ruma<\/p>\n<\/td>\n<td width=\"158\">\n<p>Dr. Verseghi Anna<\/p>\n<\/td>\n<td>\n<p>&nbsp;<\/p>\n<p>&nbsp;<\/p>\n<p>&nbsp;<\/p>\n<\/td>\n<\/tr>\n<tr>\n<td width=\"147\">\n<p>november 17.<\/p>\n<\/td>\n<td width=\"170\">\n<p>V\u00e1ndorgy\u0171l\u00e9s el\u0151ad\u00e1sok bemutat\u00e1sa<\/p>\n<\/td>\n<td width=\"158\">\n<p>Dr. Fazekas G\u00e1bor<\/p>\n<\/td>\n<td>\n<p>&nbsp;<\/p>\n<\/td>\n<\/tr>\n<tr>\n<td width=\"147\">\n<p>november 18.<\/p>\n<\/td>\n<td width=\"170\">\n<p>V\u00e1ndorgy\u0171l\u00e9s el\u0151ad\u00e1sok bemutat\u00e1sa<\/p>\n<\/td>\n<td width=\"158\">\n<p>Dr. Ken\u00e9z J\u00falia<\/p>\n<\/td>\n<td>\n<p>&nbsp;<\/p>\n<\/td>\n<\/tr>\n<tr>\n<td width=\"147\">\n<p>december 8.<\/p>\n<\/td>\n<td width=\"170\">\n<p>Audit<\/p>\n<\/td>\n<td width=\"158\">\n<p>Dr. Boros Erzs\u00e9bet<\/p>\n<\/td>\n<td>\n<p>&nbsp;<\/p>\n<\/td>\n<\/tr>\n<\/tbody>\n<\/table>\n","protected":false},"excerpt":{"rendered":"<p>ORSZ\u00c1GOS ORVOSI REHABILIT\u00c1CI\u00d3S INT\u00c9ZET II. f\u00e9l\u00e9vi tudom\u00e1nyos refer\u00e1l\u00f3 \u00fcl\u00e9sek beoszt\u00e1sa &nbsp; \u00dcl\u00e9s helye: Nagy El\u0151ad\u00f3 terem (\u00daj \u00e9p\u00fclet fszt.) \u00dcl\u00e9s ideje: Keddi napokon 14.00 &nbsp; ID\u0150PONT T\u00c9MA \u00dcL\u00c9SELN\u00d6K MEGJEGYZ\u00c9S szeptember 15. Tudom\u00e1nyos nap PhD. hallgat\u00f3k besz\u00e1mol\u00f3ja\u00a0\u00a0\u00a0\u00a0\u00a0 Dr. D\u00e9nes Zolt\u00e1n &nbsp; okt\u00f3ber 20. Vegyes t\u00e9m\u00e1k Dr. Boros Erzs\u00e9bet &nbsp; &nbsp; &nbsp; november 3. TEAM tagok f\u00f3ruma &hellip;<\/p>\n","protected":false},"author":299,"featured_media":0,"comment_status":"closed","ping_status":"closed","sticky":false,"template":"","format":"standard","meta":{"_acf_changed":false,"footnotes":""},"categories":[5],"tags":[],"class_list":["post-740","post","type-post","status-publish","format-standard","hentry","category-referalo-ulesek"],"acf":[],"_links":{"self":[{"href":"https:\/\/semmelweis.hu\/rehab\/wp-json\/wp\/v2\/posts\/740","targetHints":{"allow":["GET"]}}],"collection":[{"href":"https:\/\/semmelweis.hu\/rehab\/wp-json\/wp\/v2\/posts"}],"about":[{"href":"https:\/\/semmelweis.hu\/rehab\/wp-json\/wp\/v2\/types\/post"}],"author":[{"embeddable":true,"href":"https:\/\/semmelweis.hu\/rehab\/wp-json\/wp\/v2\/users\/299"}],"replies":[{"embeddable":true,"href":"https:\/\/semmelweis.hu\/rehab\/wp-json\/wp\/v2\/comments?post=740"}],"version-history":[{"count":1,"href":"https:\/\/semmelweis.hu\/rehab\/wp-json\/wp\/v2\/posts\/740\/revisions"}],"predecessor-version":[{"id":741,"href":"https:\/\/semmelweis.hu\/rehab\/wp-json\/wp\/v2\/posts\/740\/revisions\/741"}],"wp:attachment":[{"href":"https:\/\/semmelweis.hu\/rehab\/wp-json\/wp\/v2\/media?parent=740"}],"wp:term":[{"taxonomy":"category","embeddable":true,"href":"https:\/\/semmelweis.hu\/rehab\/wp-json\/wp\/v2\/categories?post=740"},{"taxonomy":"post_tag","embeddable":true,"href":"https:\/\/semmelweis.hu\/rehab\/wp-json\/wp\/v2\/tags?post=740"}],"curies":[{"name":"wp","href":"https:\/\/api.w.org\/{rel}","templated":true}]}}