{"id":736,"date":"2020-02-26T12:14:28","date_gmt":"2020-02-26T11:14:28","guid":{"rendered":"http:\/\/semmelweis.hu\/rehab\/?p=736"},"modified":"2020-02-26T12:14:28","modified_gmt":"2020-02-26T11:14:28","slug":"2020-marcius-3","status":"publish","type":"post","link":"https:\/\/semmelweis.hu\/rehab\/2020\/02\/26\/2020-marcius-3\/","title":{"rendered":"2020. m\u00e1rcius 3."},"content":{"rendered":"<p><strong>20 \u00e9ves az Orvos-m\u00e9rn\u00f6ki Rehabilit\u00e1ci\u00f3s Kutat\u00e1si Program<\/strong><\/p>\n<p><strong>\u00dcl\u00e9seln\u00f6k: Dr. Fazekas G\u00e1bor<\/strong><\/p>\n<p>&nbsp;<\/p>\n<ol>\n<li>Dr. med. habil. Fazekas G\u00e1bor (OORI): Az Orvos-m\u00e9rn\u00f6ki Rehabilit\u00e1ci\u00f3s Kutat\u00e1si Program (els\u0151) 20 \u00e9ve<\/li>\n<li>T\u00f3th Andr\u00e1s MSc. (BME-OORI): Rehabilit\u00e1ci\u00f3s robotika 2000-2020: fejleszt\u00e9si ir\u00e1nyok a vil\u00e1gban \u00e9s a REHAROB rendszern\u00e9l<\/li>\n<li>Prof. St\u00e9p\u00e1n G\u00e1bor az MTA rendes tagja (BME): Szabads\u00e1gi fokok<\/li>\n<li>Prof. Jobb\u00e1gy \u00c1kos (BME): Emberi mozg\u00e1sok diagnosztikai c\u00e9l\u00fa objekt\u00edv min\u0151s\u00edt\u00e9se<\/li>\n<\/ol>\n<p>&nbsp;<\/p>\n","protected":false},"excerpt":{"rendered":"<p>20 \u00e9ves az Orvos-m\u00e9rn\u00f6ki Rehabilit\u00e1ci\u00f3s Kutat\u00e1si Program \u00dcl\u00e9seln\u00f6k: Dr. Fazekas G\u00e1bor &nbsp; Dr. med. habil. Fazekas G\u00e1bor (OORI): Az Orvos-m\u00e9rn\u00f6ki Rehabilit\u00e1ci\u00f3s Kutat\u00e1si Program (els\u0151) 20 \u00e9ve T\u00f3th Andr\u00e1s MSc. (BME-OORI): Rehabilit\u00e1ci\u00f3s robotika 2000-2020: fejleszt\u00e9si ir\u00e1nyok a vil\u00e1gban \u00e9s a REHAROB rendszern\u00e9l Prof. St\u00e9p\u00e1n G\u00e1bor az MTA rendes tagja (BME): Szabads\u00e1gi fokok Prof. Jobb\u00e1gy \u00c1kos (BME): &hellip;<\/p>\n","protected":false},"author":299,"featured_media":0,"comment_status":"closed","ping_status":"closed","sticky":false,"template":"","format":"standard","meta":{"_acf_changed":false,"footnotes":""},"categories":[5],"tags":[],"class_list":["post-736","post","type-post","status-publish","format-standard","hentry","category-referalo-ulesek"],"acf":[],"_links":{"self":[{"href":"https:\/\/semmelweis.hu\/rehab\/wp-json\/wp\/v2\/posts\/736","targetHints":{"allow":["GET"]}}],"collection":[{"href":"https:\/\/semmelweis.hu\/rehab\/wp-json\/wp\/v2\/posts"}],"about":[{"href":"https:\/\/semmelweis.hu\/rehab\/wp-json\/wp\/v2\/types\/post"}],"author":[{"embeddable":true,"href":"https:\/\/semmelweis.hu\/rehab\/wp-json\/wp\/v2\/users\/299"}],"replies":[{"embeddable":true,"href":"https:\/\/semmelweis.hu\/rehab\/wp-json\/wp\/v2\/comments?post=736"}],"version-history":[{"count":1,"href":"https:\/\/semmelweis.hu\/rehab\/wp-json\/wp\/v2\/posts\/736\/revisions"}],"predecessor-version":[{"id":737,"href":"https:\/\/semmelweis.hu\/rehab\/wp-json\/wp\/v2\/posts\/736\/revisions\/737"}],"wp:attachment":[{"href":"https:\/\/semmelweis.hu\/rehab\/wp-json\/wp\/v2\/media?parent=736"}],"wp:term":[{"taxonomy":"category","embeddable":true,"href":"https:\/\/semmelweis.hu\/rehab\/wp-json\/wp\/v2\/categories?post=736"},{"taxonomy":"post_tag","embeddable":true,"href":"https:\/\/semmelweis.hu\/rehab\/wp-json\/wp\/v2\/tags?post=736"}],"curies":[{"name":"wp","href":"https:\/\/api.w.org\/{rel}","templated":true}]}}