{"id":731,"date":"2020-02-14T13:54:57","date_gmt":"2020-02-14T12:54:57","guid":{"rendered":"http:\/\/semmelweis.hu\/rehab\/?p=731"},"modified":"2020-02-14T13:54:57","modified_gmt":"2020-02-14T12:54:57","slug":"2020-februar-18","status":"publish","type":"post","link":"https:\/\/semmelweis.hu\/rehab\/2020\/02\/14\/2020-februar-18\/","title":{"rendered":"2020. febru\u00e1r 18."},"content":{"rendered":"<p><strong>Besz\u00e1mol\u00f3 a 2019-es \u00e9vr\u0151l <\/strong><\/p>\n<p><strong>\u00dcl\u00e9seln\u00f6k: Dr. Cserh\u00e1ti P\u00e9ter<\/strong><\/p>\n<p>&nbsp;<\/p>\n<p>&nbsp;<\/p>\n<ol>\n<li>Embern\u00e9 Heitler Andrea, Havlikn\u00e9 G. Iwona: \u00c1pol\u00e1s \u00e9s mozg\u00e1ster\u00e1pia 2019-ben<\/li>\n<li>Sipos J\u00falia: OORI \u00e9s szakmai finansz\u00edroz\u00e1si v\u00e1ltoz\u00e1sok \u00e9s fejleszt\u00e9sek 2019-ben<\/li>\n<li>Cs\u00fcrke Ildik\u00f3, Jakab Tam\u00e1s, T\u00f3th Zolt\u00e1n: Gazdas\u00e1gi \u00e9s m\u0171szaki feladatok \u00e9s fejleszt\u00e9sek 2019-ben<\/li>\n<li>Dr. Cserh\u00e1ti P\u00e9ter: A 2019. \u00e9v igazgat\u00f3i \u00e9rt\u00e9kel\u00e9se, kitekint\u00e9s a 2020. \u00e9vre<\/li>\n<\/ol>\n","protected":false},"excerpt":{"rendered":"<p>Besz\u00e1mol\u00f3 a 2019-es \u00e9vr\u0151l \u00dcl\u00e9seln\u00f6k: Dr. Cserh\u00e1ti P\u00e9ter &nbsp; &nbsp; Embern\u00e9 Heitler Andrea, Havlikn\u00e9 G. Iwona: \u00c1pol\u00e1s \u00e9s mozg\u00e1ster\u00e1pia 2019-ben Sipos J\u00falia: OORI \u00e9s szakmai finansz\u00edroz\u00e1si v\u00e1ltoz\u00e1sok \u00e9s fejleszt\u00e9sek 2019-ben Cs\u00fcrke Ildik\u00f3, Jakab Tam\u00e1s, T\u00f3th Zolt\u00e1n: Gazdas\u00e1gi \u00e9s m\u0171szaki feladatok \u00e9s fejleszt\u00e9sek 2019-ben Dr. Cserh\u00e1ti P\u00e9ter: A 2019. \u00e9v igazgat\u00f3i \u00e9rt\u00e9kel\u00e9se, kitekint\u00e9s a 2020. \u00e9vre &hellip;<\/p>\n","protected":false},"author":299,"featured_media":0,"comment_status":"closed","ping_status":"closed","sticky":false,"template":"","format":"standard","meta":{"_acf_changed":false,"footnotes":""},"categories":[5],"tags":[],"class_list":["post-731","post","type-post","status-publish","format-standard","hentry","category-referalo-ulesek"],"acf":[],"_links":{"self":[{"href":"https:\/\/semmelweis.hu\/rehab\/wp-json\/wp\/v2\/posts\/731","targetHints":{"allow":["GET"]}}],"collection":[{"href":"https:\/\/semmelweis.hu\/rehab\/wp-json\/wp\/v2\/posts"}],"about":[{"href":"https:\/\/semmelweis.hu\/rehab\/wp-json\/wp\/v2\/types\/post"}],"author":[{"embeddable":true,"href":"https:\/\/semmelweis.hu\/rehab\/wp-json\/wp\/v2\/users\/299"}],"replies":[{"embeddable":true,"href":"https:\/\/semmelweis.hu\/rehab\/wp-json\/wp\/v2\/comments?post=731"}],"version-history":[{"count":1,"href":"https:\/\/semmelweis.hu\/rehab\/wp-json\/wp\/v2\/posts\/731\/revisions"}],"predecessor-version":[{"id":732,"href":"https:\/\/semmelweis.hu\/rehab\/wp-json\/wp\/v2\/posts\/731\/revisions\/732"}],"wp:attachment":[{"href":"https:\/\/semmelweis.hu\/rehab\/wp-json\/wp\/v2\/media?parent=731"}],"wp:term":[{"taxonomy":"category","embeddable":true,"href":"https:\/\/semmelweis.hu\/rehab\/wp-json\/wp\/v2\/categories?post=731"},{"taxonomy":"post_tag","embeddable":true,"href":"https:\/\/semmelweis.hu\/rehab\/wp-json\/wp\/v2\/tags?post=731"}],"curies":[{"name":"wp","href":"https:\/\/api.w.org\/{rel}","templated":true}]}}