{"id":726,"date":"2020-01-17T15:00:37","date_gmt":"2020-01-17T14:00:37","guid":{"rendered":"http:\/\/semmelweis.hu\/rehab\/?p=726"},"modified":"2020-01-27T15:04:45","modified_gmt":"2020-01-27T14:04:45","slug":"2020-januar-21","status":"publish","type":"post","link":"https:\/\/semmelweis.hu\/rehab\/2020\/01\/17\/2020-januar-21\/","title":{"rendered":"2020. janu\u00e1r 21."},"content":{"rendered":"<p><strong>AUDIT NAP<\/strong><\/p>\n<p><strong>\u00a0<\/strong><\/p>\n<p><strong>\u00dcl\u00e9seln\u00f6k: Dr. Boros Erzs\u00e9bet<\/strong><\/p>\n<ul>\n<li>NEVES jelent\u00e9si lapok elemz\u00e9se &#8211; B\u00f3di Mariann<\/li>\n<li>Laborat\u00f3riumi k\u00e9r\u00e9sek alakul\u00e1sa (2017-2018) \u2013 Boros Erzs\u00e9bet<\/li>\n<li>K\u00f3rlap audit \u2013 SZRO, ARO, GRO<\/li>\n<\/ul>\n<p>\u00a0 \u00a0 \u00a0 \u00a0 \u00a0 \u00a0 -Finansz\u00edroz\u00e1si szempontok &#8211; N\u00e9meth Judit<\/p>\n<p>\u00a0 \u00a0 \u00a0 \u00a0 \u00a0 \u00a0 -Gy\u00f3gytorn\u00e1sz dokument\u00e1ci\u00f3val kapcsolatos \u00e9szrev\u00e9telek, javaslatok \u2013 Urb\u00e1n Andrea<\/p>\n<p>\u00a0 \u00a0 \u00a0 \u00a0 \u00a0 \u00a0 -\u00c1pol\u00e1si szempontok \u2013 Heitler Andrea<\/p>\n<p>\u00a0 \u00a0 \u00a0 \u00a0 \u00a0 \u00a0 -Orvos szakmai szempontok &#8211; Sz\u00f6gi Be\u00e1ta, M\u00e1rialigeti Zsuzsa, Vass Ildik\u00f3<\/p>\n<p>\u00a0 \u00a0 \u00a0 \u00a0 \u00a0 \u00a0 -A gy\u00f3gyszer\u00e9sz szempontjai \u2013 T\u00f6r\u00f6k \u00c9va<\/p>\n<ul>\n<li>\u00daj \u00e1pol\u00e1si lapok tapasztalatai \u2013 Heitler Andrea<\/li>\n<li>Gy\u00f3gyszerforgalom elemz\u00e9se k\u00fcl\u00f6n\u00f6s tekintettel az antibiotikumokra \u2013 T\u00f6r\u00f6k \u00c9va<\/li>\n<li>Hal\u00e1loz\u00e1si audit<\/li>\n<\/ul>\n","protected":false},"excerpt":{"rendered":"<p>AUDIT NAP \u00a0 \u00dcl\u00e9seln\u00f6k: Dr. Boros Erzs\u00e9bet NEVES jelent\u00e9si lapok elemz\u00e9se &#8211; B\u00f3di Mariann Laborat\u00f3riumi k\u00e9r\u00e9sek alakul\u00e1sa (2017-2018) \u2013 Boros Erzs\u00e9bet K\u00f3rlap audit \u2013 SZRO, ARO, GRO \u00a0 \u00a0 \u00a0 \u00a0 \u00a0 \u00a0 -Finansz\u00edroz\u00e1si szempontok &#8211; N\u00e9meth Judit \u00a0 \u00a0 \u00a0 \u00a0 \u00a0 \u00a0 -Gy\u00f3gytorn\u00e1sz dokument\u00e1ci\u00f3val kapcsolatos \u00e9szrev\u00e9telek, javaslatok \u2013 Urb\u00e1n Andrea \u00a0 \u00a0 \u00a0 &hellip;<\/p>\n","protected":false},"author":299,"featured_media":0,"comment_status":"closed","ping_status":"closed","sticky":false,"template":"","format":"standard","meta":{"_acf_changed":false,"footnotes":""},"categories":[5],"tags":[],"class_list":["post-726","post","type-post","status-publish","format-standard","hentry","category-referalo-ulesek"],"acf":[],"_links":{"self":[{"href":"https:\/\/semmelweis.hu\/rehab\/wp-json\/wp\/v2\/posts\/726","targetHints":{"allow":["GET"]}}],"collection":[{"href":"https:\/\/semmelweis.hu\/rehab\/wp-json\/wp\/v2\/posts"}],"about":[{"href":"https:\/\/semmelweis.hu\/rehab\/wp-json\/wp\/v2\/types\/post"}],"author":[{"embeddable":true,"href":"https:\/\/semmelweis.hu\/rehab\/wp-json\/wp\/v2\/users\/299"}],"replies":[{"embeddable":true,"href":"https:\/\/semmelweis.hu\/rehab\/wp-json\/wp\/v2\/comments?post=726"}],"version-history":[{"count":1,"href":"https:\/\/semmelweis.hu\/rehab\/wp-json\/wp\/v2\/posts\/726\/revisions"}],"predecessor-version":[{"id":727,"href":"https:\/\/semmelweis.hu\/rehab\/wp-json\/wp\/v2\/posts\/726\/revisions\/727"}],"wp:attachment":[{"href":"https:\/\/semmelweis.hu\/rehab\/wp-json\/wp\/v2\/media?parent=726"}],"wp:term":[{"taxonomy":"category","embeddable":true,"href":"https:\/\/semmelweis.hu\/rehab\/wp-json\/wp\/v2\/categories?post=726"},{"taxonomy":"post_tag","embeddable":true,"href":"https:\/\/semmelweis.hu\/rehab\/wp-json\/wp\/v2\/tags?post=726"}],"curies":[{"name":"wp","href":"https:\/\/api.w.org\/{rel}","templated":true}]}}