{"id":715,"date":"2019-10-31T08:19:42","date_gmt":"2019-10-31T07:19:42","guid":{"rendered":"http:\/\/semmelweis.hu\/rehab\/?p=715"},"modified":"2019-10-31T08:19:42","modified_gmt":"2019-10-31T07:19:42","slug":"2019-november-5","status":"publish","type":"post","link":"https:\/\/semmelweis.hu\/rehab\/2019\/10\/31\/2019-november-5\/","title":{"rendered":"2019. november 5."},"content":{"rendered":"<p><strong>Esetbemutat\u00e1sok <\/strong><\/p>\n<p><strong>\u00a0<\/strong><\/p>\n<p>\u00dcl\u00e9seln\u00f6k: Dr. D\u00e9nes Zolt\u00e1n<\/p>\n<ol>\n<li>Dr. Nagy Judit: Megeml\u00e9kez\u00e9s a \u201eNemzetk\u00f6zi Radiol\u00f3giai Nap\u201d alkalm\u00e1b\u00f3l<\/li>\n<li>Dr. Nagy Judit, Dr. Farkas P\u00e9ter: \u00a0Heterotop osszifik\u00e1ci\u00f3 egy ritka esete\u00a0 \u00a0<\/li>\n<li>Rehabilit\u00e1ci\u00f3s oszt\u00e1lyaink \u00e9rdekes eseteinek bemutat\u00e1sa<\/li>\n<\/ol>\n","protected":false},"excerpt":{"rendered":"<p>Esetbemutat\u00e1sok<br \/>\n\u00a0<br \/>\n\u00dcl\u00e9seln\u00f6k: Dr. D\u00e9nes Zolt\u00e1n<\/p>\n<p>Dr. Nagy Judit: Megeml\u00e9kez\u00e9s a \u201eNemzetk\u00f6zi Radiol\u00f3giai Nap\u201d alkalm\u00e1b\u00f3l<br \/>\nDr. Nagy Judit, Dr. Farkas P\u00e9ter: \u00a0Heterotop osszifik\u00e1ci\u00f3 egy ritka esete\u00a0 \u00a0<br \/>\nRehabilit\u00e1ci\u00f3s oszt\u00e1lyaink \u00e9rdekes eseteinek bemutat\u00e1sa<\/p>\n","protected":false},"author":299,"featured_media":0,"comment_status":"closed","ping_status":"closed","sticky":false,"template":"","format":"standard","meta":{"_acf_changed":false,"footnotes":""},"categories":[5],"tags":[],"class_list":["post-715","post","type-post","status-publish","format-standard","hentry","category-referalo-ulesek"],"acf":[],"_links":{"self":[{"href":"https:\/\/semmelweis.hu\/rehab\/wp-json\/wp\/v2\/posts\/715","targetHints":{"allow":["GET"]}}],"collection":[{"href":"https:\/\/semmelweis.hu\/rehab\/wp-json\/wp\/v2\/posts"}],"about":[{"href":"https:\/\/semmelweis.hu\/rehab\/wp-json\/wp\/v2\/types\/post"}],"author":[{"embeddable":true,"href":"https:\/\/semmelweis.hu\/rehab\/wp-json\/wp\/v2\/users\/299"}],"replies":[{"embeddable":true,"href":"https:\/\/semmelweis.hu\/rehab\/wp-json\/wp\/v2\/comments?post=715"}],"version-history":[{"count":1,"href":"https:\/\/semmelweis.hu\/rehab\/wp-json\/wp\/v2\/posts\/715\/revisions"}],"predecessor-version":[{"id":716,"href":"https:\/\/semmelweis.hu\/rehab\/wp-json\/wp\/v2\/posts\/715\/revisions\/716"}],"wp:attachment":[{"href":"https:\/\/semmelweis.hu\/rehab\/wp-json\/wp\/v2\/media?parent=715"}],"wp:term":[{"taxonomy":"category","embeddable":true,"href":"https:\/\/semmelweis.hu\/rehab\/wp-json\/wp\/v2\/categories?post=715"},{"taxonomy":"post_tag","embeddable":true,"href":"https:\/\/semmelweis.hu\/rehab\/wp-json\/wp\/v2\/tags?post=715"}],"curies":[{"name":"wp","href":"https:\/\/api.w.org\/{rel}","templated":true}]}}