{"id":701,"date":"2019-10-01T12:59:57","date_gmt":"2019-10-01T10:59:57","guid":{"rendered":"http:\/\/semmelweis.hu\/rehab\/?p=701"},"modified":"2019-10-01T12:59:57","modified_gmt":"2019-10-01T10:59:57","slug":"rehabilitacios-szakvizsga-2019-oszi-vizsgaidoszak","status":"publish","type":"post","link":"https:\/\/semmelweis.hu\/rehab\/2019\/10\/01\/rehabilitacios-szakvizsga-2019-oszi-vizsgaidoszak\/","title":{"rendered":"REHABILIT\u00c1CI\u00d3S SZAKVIZSGA 2019. \u0151szi vizsgaid\u0151szak"},"content":{"rendered":"<p>&nbsp;<\/p>\n<p><strong>Rehabilit\u00e1ci\u00f3s medicina\u00a0<\/strong>(fizik\u00e1lis medicina \u00e9s rehabilit\u00e1ci\u00f3s orvosl\u00e1s, orvosi rehabilit\u00e1ci\u00f3 mozg\u00e1sszervi ter\u00fcleten) szakvizsga id\u0151pontja:<\/p>\n<ol start=\"2019\">\n<li><strong>okt\u00f3ber 14-16.<\/strong><\/li>\n<\/ol>\n<p>Gyakorlati vizsga: 2019. okt\u00f3ber 14-15. 08:00<\/p>\n<p>Elm\u00e9leti vizsga: 2019. okt\u00f3ber 16. 08:00<\/p>\n<p>Helysz\u00edn: Orsz\u00e1gos Orvosi Rehabilit\u00e1ci\u00f3s Int\u00e9zet<\/p>\n<p>1121 Budapest Szanat\u00f3rium u. 19.<\/p>\n<p>&nbsp;<\/p>\n<p>A szakvizsga t\u00e9telsorok honlapunkon megtal\u00e1lhat\u00f3ak.<\/p>\n","protected":false},"excerpt":{"rendered":"<p>&nbsp;<br \/>\nRehabilit\u00e1ci\u00f3s medicina\u00a0(fizik\u00e1lis medicina \u00e9s rehabilit\u00e1ci\u00f3s orvosl\u00e1s, orvosi rehabilit\u00e1ci\u00f3 mozg\u00e1sszervi ter\u00fcleten) szakvizsga id\u0151pontja:<\/p>\n<p>okt\u00f3ber 14-16.<\/p>\n<p>Gyakorlati vizsga: 2019. okt\u00f3ber 14-15. 08:00<br \/>\nElm\u00e9leti vizsga: 2019. okt\u00f3ber 16. 08:00<br \/>\nHelysz\u00edn: Orsz\u00e1gos Orvosi Rehabilit\u00e1ci\u00f3s Int\u00e9zet<br \/>\n1121 Budapest Szanat\u00f3rium u. 19.<br \/>\n&nbsp;<br \/>\nA szakvizsga t\u00e9telsorok honlapunkon megtal\u00e1lhat\u00f3ak.<\/p>\n","protected":false},"author":299,"featured_media":0,"comment_status":"closed","ping_status":"closed","sticky":false,"template":"","format":"standard","meta":{"_acf_changed":false,"footnotes":""},"categories":[2],"tags":[],"class_list":["post-701","post","type-post","status-publish","format-standard","hentry","category-hir"],"acf":[],"_links":{"self":[{"href":"https:\/\/semmelweis.hu\/rehab\/wp-json\/wp\/v2\/posts\/701","targetHints":{"allow":["GET"]}}],"collection":[{"href":"https:\/\/semmelweis.hu\/rehab\/wp-json\/wp\/v2\/posts"}],"about":[{"href":"https:\/\/semmelweis.hu\/rehab\/wp-json\/wp\/v2\/types\/post"}],"author":[{"embeddable":true,"href":"https:\/\/semmelweis.hu\/rehab\/wp-json\/wp\/v2\/users\/299"}],"replies":[{"embeddable":true,"href":"https:\/\/semmelweis.hu\/rehab\/wp-json\/wp\/v2\/comments?post=701"}],"version-history":[{"count":1,"href":"https:\/\/semmelweis.hu\/rehab\/wp-json\/wp\/v2\/posts\/701\/revisions"}],"predecessor-version":[{"id":702,"href":"https:\/\/semmelweis.hu\/rehab\/wp-json\/wp\/v2\/posts\/701\/revisions\/702"}],"wp:attachment":[{"href":"https:\/\/semmelweis.hu\/rehab\/wp-json\/wp\/v2\/media?parent=701"}],"wp:term":[{"taxonomy":"category","embeddable":true,"href":"https:\/\/semmelweis.hu\/rehab\/wp-json\/wp\/v2\/categories?post=701"},{"taxonomy":"post_tag","embeddable":true,"href":"https:\/\/semmelweis.hu\/rehab\/wp-json\/wp\/v2\/tags?post=701"}],"curies":[{"name":"wp","href":"https:\/\/api.w.org\/{rel}","templated":true}]}}