{"id":693,"date":"2019-03-04T11:26:54","date_gmt":"2019-03-04T10:26:54","guid":{"rendered":"http:\/\/semmelweis.hu\/rehab\/?p=693"},"modified":"2019-09-04T11:29:30","modified_gmt":"2019-09-04T09:29:30","slug":"rehabilitacios-szakvizsga-2019-marcius","status":"publish","type":"post","link":"https:\/\/semmelweis.hu\/rehab\/2019\/03\/04\/rehabilitacios-szakvizsga-2019-marcius\/","title":{"rendered":"REHABILIT\u00c1CI\u00d3S SZAKVIZSGA &#8211; 2019. m\u00e1rcius"},"content":{"rendered":"<p><strong>REHABILIT\u00c1CI\u00d3S SZAKVIZSGA<\/strong><\/p>\n<ol start=\"2019\">\n<li><strong> tavaszi vizsgaid\u0151szak<\/strong><\/li>\n<\/ol>\n<p><strong>\u00a0<\/strong><\/p>\n<p><strong>Rehabilit\u00e1ci\u00f3s medicina <\/strong>(fizik\u00e1lis medicina \u00e9s rehabilit\u00e1ci\u00f3s orvosl\u00e1s, orvosi rehabilit\u00e1ci\u00f3 mozg\u00e1sszervi ter\u00fcleten) szakvizsga id\u0151pontja:<\/p>\n<ol start=\"2019\">\n<li><strong> m\u00e1rcius 25-27.<\/strong><\/li>\n<\/ol>\n<p>Gyakorlati vizsga: 2019. m\u00e1rcius 25-26. 08:00<\/p>\n<p>Elm\u00e9leti vizsga: 2019. m\u00e1rcius 27. 08:00<\/p>\n<p>Helysz\u00edn: Orsz\u00e1gos Orvosi Rehabilit\u00e1ci\u00f3s Int\u00e9zet<\/p>\n<p>1121 Budapest Szanat\u00f3rium u. 19.<\/p>\n<p>&nbsp;<\/p>\n<p>A szakvizsga t\u00e9telsorok honlapunkon megtal\u00e1lhat\u00f3ak.<\/p>\n","protected":false},"excerpt":{"rendered":"<p>REHABILIT\u00c1CI\u00d3S SZAKVIZSGA<\/p>\n<p> tavaszi vizsgaid\u0151szak<\/p>\n<p>\u00a0<br \/>\nRehabilit\u00e1ci\u00f3s medicina (fizik\u00e1lis medicina \u00e9s rehabilit\u00e1ci\u00f3s orvosl\u00e1s, orvosi rehabilit\u00e1ci\u00f3 mozg\u00e1sszervi ter\u00fcleten) szakvizsga id\u0151pontja:<\/p>\n<p> m\u00e1rcius 25-27.<\/p>\n<p>Gyakorlati vizsga: 2019. m\u00e1rcius 25-26. 08:00<br \/>\nElm\u00e9leti vizsga: 2019. m\u00e1rcius 27. 08:00<br \/>\nHelysz\u00edn: Orsz\u00e1gos Orvosi Rehabilit\u00e1ci\u00f3s Int\u00e9zet<br \/>\n1121 Budapest Szanat\u00f3rium u. 19.<br \/>\n&nbsp;<br \/>\nA szakvizsga t\u00e9telsorok honlapunkon megtal\u00e1lhat\u00f3ak.<\/p>\n","protected":false},"author":299,"featured_media":0,"comment_status":"closed","ping_status":"closed","sticky":false,"template":"","format":"standard","meta":{"_acf_changed":false,"footnotes":""},"categories":[2],"tags":[],"class_list":["post-693","post","type-post","status-publish","format-standard","hentry","category-hir"],"acf":[],"_links":{"self":[{"href":"https:\/\/semmelweis.hu\/rehab\/wp-json\/wp\/v2\/posts\/693","targetHints":{"allow":["GET"]}}],"collection":[{"href":"https:\/\/semmelweis.hu\/rehab\/wp-json\/wp\/v2\/posts"}],"about":[{"href":"https:\/\/semmelweis.hu\/rehab\/wp-json\/wp\/v2\/types\/post"}],"author":[{"embeddable":true,"href":"https:\/\/semmelweis.hu\/rehab\/wp-json\/wp\/v2\/users\/299"}],"replies":[{"embeddable":true,"href":"https:\/\/semmelweis.hu\/rehab\/wp-json\/wp\/v2\/comments?post=693"}],"version-history":[{"count":1,"href":"https:\/\/semmelweis.hu\/rehab\/wp-json\/wp\/v2\/posts\/693\/revisions"}],"predecessor-version":[{"id":694,"href":"https:\/\/semmelweis.hu\/rehab\/wp-json\/wp\/v2\/posts\/693\/revisions\/694"}],"wp:attachment":[{"href":"https:\/\/semmelweis.hu\/rehab\/wp-json\/wp\/v2\/media?parent=693"}],"wp:term":[{"taxonomy":"category","embeddable":true,"href":"https:\/\/semmelweis.hu\/rehab\/wp-json\/wp\/v2\/categories?post=693"},{"taxonomy":"post_tag","embeddable":true,"href":"https:\/\/semmelweis.hu\/rehab\/wp-json\/wp\/v2\/tags?post=693"}],"curies":[{"name":"wp","href":"https:\/\/api.w.org\/{rel}","templated":true}]}}