{"id":628,"date":"2019-07-09T13:44:54","date_gmt":"2019-07-09T11:44:54","guid":{"rendered":"http:\/\/semmelweis.hu\/rehab\/?page_id=628"},"modified":"2019-09-03T15:16:08","modified_gmt":"2019-09-03T13:16:08","slug":"2019-ii-felev-programja","status":"publish","type":"post","link":"https:\/\/semmelweis.hu\/rehab\/2019\/07\/09\/2019-ii-felev-programja\/","title":{"rendered":"2019. II. f\u00e9l\u00e9v programja"},"content":{"rendered":"<p style=\"text-align: center;\">A refer\u00e1l\u00f3 \u00fcl\u00e9sek elej\u00e9n m\u00f3d van \u00e9rdekes esetek bemutat\u00e1s\u00e1ra. Az esetbemutat\u00e1s sz\u00e1nd\u00e9k\u00e1t az \u00fcl\u00e9s el\u0151tt legal\u00e1bb 2 h\u00e9ttel dr Ken\u00e9z J\u00fali\u00e1nak \u00edr\u00e1sban sz\u00fcks\u00e9ges jelezni <br \/>\n(<a href=\"mailto:j.kenez@rehabint.hu\">j.kenez@rehabint.hu<\/a>).<\/p>\n<p style=\"text-align: center;\"><strong>Szeptember 17.<\/strong><\/p>\n<p style=\"text-align: center;\">Magyar Rehabilit\u00e1ci\u00f3s T\u00e1rsas\u00e1g V\u00e1ndorgy\u0171l\u00e9s el\u0151ad\u00e1sainak bemutat\u00e1sa I.<br \/>\n\u00dcl\u00e9seln\u00f6k: Dr. Fazekas G\u00e1bor<\/p>\n<p style=\"text-align: center;\">Magyar Stroke T\u00e1rsas\u00e1g Kongresszus el\u0151ad\u00e1s bemutat\u00e1s<br \/>\nMagyar Gy\u00f3gytorn\u00e1sz Konferencia el\u0151ad\u00e1s bemutat\u00e1sa<\/p>\n<p style=\"text-align: center;\"><strong>Szeptember 24.\u00a0<\/strong><\/p>\n<p style=\"text-align: center;\">Magyar Rehabilit\u00e1ci\u00f3s T\u00e1rsas\u00e1g V\u00e1ndorgy\u0171l\u00e9s el\u0151ad\u00e1sainak bemutat\u00e1sa\u00a0 II.<br \/>\n\u00dcl\u00e9seln\u00f6k: Dr. Ken\u00e9z J\u00falia<\/p>\n<p style=\"text-align: center;\"><strong>Okt\u00f3ber 15.\u00a0<\/strong><\/p>\n<p style=\"text-align: center;\">Fog\u00e1szat<br \/>\nBetegjogok \u00e9s k\u00f6teless\u00e9gek<br \/>\n\u00dcl\u00e9seln\u00f6k: Dr. Cserh\u00e1ti P\u00e9ter<\/p>\n<p style=\"text-align: center;\"><strong>Okt\u00f3ber 29.<\/strong><\/p>\n<p style=\"text-align: center;\">Spiroergometria<br \/>\n\u00dcl\u00e9seln\u00f6k: Dr. Varga J\u00e1nos<\/p>\n<p style=\"text-align: center;\"><strong>November 5.<\/strong><\/p>\n<p style=\"text-align: center;\">Rehabilit\u00e1ci\u00f3s alapismeretek tanfolyam<br \/>\nEset bemutat\u00e1sok<br \/>\n\u00dcl\u00e9seln\u00f6k: Dr. D\u00e9nes Zolt\u00e1n<\/p>\n<p style=\"text-align: center;\">Dr. Nagy J., Dr. Farkas<br \/>\nP:\u00a0 Heterotop osszifik\u00e1ci\u00f3 egy ritka esete\u00a0\u00a0<\/p>\n<p style=\"text-align: center;\"><strong>November 19.<\/strong><\/p>\n<p style=\"text-align: center;\">Rehabilit\u00e1ci\u00f3s Team tagok f\u00f3ruma XIV.<br \/>\n\u00dcl\u00e9seln\u00f6k: Dr. Verseghi Anna<\/p>\n<p style=\"text-align: center;\"><strong>December 3.<\/strong><\/p>\n<p style=\"text-align: center;\">Audit<br \/>\n\u00dcl\u00e9seln\u00f6k: Dr. Boros Erzs\u00e9bet<\/p>\n<p style=\"text-align: center;\"><strong>TOV\u00c1BBI PROGRAMOK:<\/strong><\/p>\n<p style=\"text-align: center;\"><strong>Magyar Rehabilit\u00e1ci\u00f3s T\u00e1rsas\u00e1g \u00a0XXXVII. \u00a0V\u00e1ndorgy\u0171l\u00e9se<\/strong> <br \/>\n2019. 10.3-10.5. Debrecen, K\u00f6lcsey K\u00f6zpont<\/p>\n<p style=\"text-align: center;\">Az el\u0151ad\u00e1sok c\u00edmeit a <a href=\"mailto:j.kenez@rehabint.hu\">j.kenez@rehabint.hu<\/a> c\u00edmre k\u00e9rn\u00e9m elk\u00fcldeni 2018. augusztus 15-ig.<\/p>\n<p style=\"text-align: center;\"><strong>Magyar Stroke T\u00e1rs Kongresszusa<\/strong> <br \/>\n2019. szeptember 19-21. Zalakaros<\/p>\n<p style=\"text-align: center;\"><strong>Magyar Gy\u00f3gytorn\u00e1sz Konferencia<\/strong> <br \/>\n2019. szeptember 19-21. Eger<\/p>\n<p style=\"text-align: center;\"><strong>ECNR<\/strong> <br \/>\n2019.10.9-12 Budapest<\/p>\n<p style=\"text-align: center;\"><strong>Rehabilit\u00e1ci\u00f3s alapismeretek tanfolyam<\/strong> <br \/>\n2019.november 4-15.<\/p>\n<p style=\"text-align: center;\"><strong>Magyar F\u00e1jdalom T\u00e1rsas\u00e1g Konferencia<\/strong> <br \/>\n2019 . november 8- 9 . Szeged<\/p>\n<p style=\"text-align: center;\"><strong>Hum\u00e1n Kineziol\u00f3giai alapismeretek tanfolyam<\/strong> <br \/>\n2019 november 25-26.<\/p>\n<p style=\"text-align: center;\">\u00a0<\/p>\n","protected":false},"excerpt":{"rendered":"<p>A refer\u00e1l\u00f3 \u00fcl\u00e9sek elej\u00e9n m\u00f3d van \u00e9rdekes esetek bemutat\u00e1s\u00e1ra. Az esetbemutat\u00e1s sz\u00e1nd\u00e9k\u00e1t az \u00fcl\u00e9s el\u0151tt legal\u00e1bb 2 h\u00e9ttel dr Ken\u00e9z J\u00fali\u00e1nak \u00edr\u00e1sban sz\u00fcks\u00e9ges jelezni ( <a href=\"mailto:j.kenez@rehabint.hu\">j.kenez@rehabint.hu<\/a> ). Szeptember 17. Magyar Rehabilit\u00e1ci\u00f3s T\u00e1rsas\u00e1g V\u00e1ndorgy\u0171l\u00e9s el\u0151ad\u00e1sainak bemutat\u00e1sa I. \u00dcl\u00e9seln\u00f6k: Dr. Fazekas G\u00e1bor Magyar Stroke T\u00e1rsas\u00e1g Kongresszus el\u0151ad\u00e1s bemutat\u00e1s Magyar Gy\u00f3gytorn\u00e1sz Konferencia el\u0151ad\u00e1s bemutat\u00e1sa Szeptember 24.\u00a0 Magyar Rehabilit\u00e1ci\u00f3s T\u00e1rsas\u00e1g &hellip;<\/p>\n","protected":false},"author":299,"featured_media":0,"comment_status":"closed","ping_status":"closed","sticky":false,"template":"","format":"standard","meta":{"_acf_changed":false,"footnotes":""},"categories":[5],"tags":[],"class_list":["post-628","post","type-post","status-publish","format-standard","hentry","category-referalo-ulesek"],"acf":[],"_links":{"self":[{"href":"https:\/\/semmelweis.hu\/rehab\/wp-json\/wp\/v2\/posts\/628","targetHints":{"allow":["GET"]}}],"collection":[{"href":"https:\/\/semmelweis.hu\/rehab\/wp-json\/wp\/v2\/posts"}],"about":[{"href":"https:\/\/semmelweis.hu\/rehab\/wp-json\/wp\/v2\/types\/post"}],"author":[{"embeddable":true,"href":"https:\/\/semmelweis.hu\/rehab\/wp-json\/wp\/v2\/users\/299"}],"replies":[{"embeddable":true,"href":"https:\/\/semmelweis.hu\/rehab\/wp-json\/wp\/v2\/comments?post=628"}],"version-history":[{"count":3,"href":"https:\/\/semmelweis.hu\/rehab\/wp-json\/wp\/v2\/posts\/628\/revisions"}],"predecessor-version":[{"id":673,"href":"https:\/\/semmelweis.hu\/rehab\/wp-json\/wp\/v2\/posts\/628\/revisions\/673"}],"wp:attachment":[{"href":"https:\/\/semmelweis.hu\/rehab\/wp-json\/wp\/v2\/media?parent=628"}],"wp:term":[{"taxonomy":"category","embeddable":true,"href":"https:\/\/semmelweis.hu\/rehab\/wp-json\/wp\/v2\/categories?post=628"},{"taxonomy":"post_tag","embeddable":true,"href":"https:\/\/semmelweis.hu\/rehab\/wp-json\/wp\/v2\/tags?post=628"}],"curies":[{"name":"wp","href":"https:\/\/api.w.org\/{rel}","templated":true}]}}