{"id":624,"date":"2019-05-29T11:46:14","date_gmt":"2019-05-29T09:46:14","guid":{"rendered":"http:\/\/semmelweis.hu\/rehab\/?page_id=624"},"modified":"2019-09-03T15:16:08","modified_gmt":"2019-09-03T13:16:08","slug":"2019-junius-4","status":"publish","type":"post","link":"https:\/\/semmelweis.hu\/rehab\/2019\/05\/29\/2019-junius-4\/","title":{"rendered":"2019. j\u00fanius 4."},"content":{"rendered":"<p><strong>T\u00fcnd\u00e9rhegy<\/strong><\/p>\n<p><strong>\u00a0<\/strong><\/p>\n<p>1. Bevezet\u0151 &#8211; Dr. Harmatta J\u00e1nos (10 perc)<\/p>\n<p>2. Kerekasztal \u201er\u00e9gi\u201d T\u00fcnd\u00e9rhegyi terapeut\u00e1k r\u00e9szv\u00e9tel\u00e9vel<\/p>\n<p>Dr. Ajkay Kl\u00e1ra, Bagotai Tam\u00e1s, Lovas Zsuzsa, Dr. So\u00f3s N\u00f3ra, Dr. Sz\u0151nyi G\u00e1bor (45 perc)\u00a0\u00a0 vezeti: Dr. Harmatta J\u00e1nos<\/p>\n<p>3. Dr. Harmatta J\u00e1nos: A T\u00fcnd\u00e9rhegyi oszt\u00e1ly 10 \u00e9ve az OORI-ban<\/p>\n<p>4. El\u0151ad\u00e1sok a jelenlegi terapeut\u00e1k r\u00e9sz\u00e9r\u0151l<\/p>\n<ul>\n<li>Dr. Boros Edit r\u00e9szlegvezet\u0151 f\u0151orvos: \u201e10 \u00e9ve az OORI-ban: szakmai egy\u00fcttm\u0171k\u00f6d\u00e9s, gy\u00f3gy\u00edt\u00e1s \u00e9s oktat\u00e1s pillanatk\u00e9pei\u201d<\/li>\n<li>Rubovszky Gy\u00f6rgy Zsolt klinikai szakpszichol\u00f3gus jel\u00f6lt: \u201eT\u00fcnd\u00e9rhegy 10 \u00e9ve pszichol\u00f3gus szemmel\u201d<\/li>\n<li>Dr. Nemes P\u00e9ter pszichi\u00e1ter, pszichoterapeuta: \u00a0\u00a0\u00a0\u201eMeg\u00e9rkez\u00e9s az oszt\u00e1lyra \u2013 els\u0151 benyom\u00e1s\u201d<\/li>\n<li>F\u00fczesi Szilvia m\u0171v\u00e9szetterapeuta: \u201eA m\u0171v\u00e9szetter\u00e1pia helye \u00e9s szerepe a T\u00fcnd\u00e9rhegyi rendszerben\u201d<\/li>\n<li>Bartha Katalin \u00e1pol\u00f3: \u201eA n\u0151v\u00e9ri jelenl\u00e9t a T\u00fcnd\u00e9rhegyi rendszerben.\u201d<\/li>\n<\/ul>\n<p>5. Diszkusszi\u00f3<\/p>\n","protected":false},"excerpt":{"rendered":"<p>T\u00fcnd\u00e9rhegy \u00a0 1. Bevezet\u0151 &#8211; Dr. Harmatta J\u00e1nos (10 perc) 2. Kerekasztal \u201er\u00e9gi\u201d T\u00fcnd\u00e9rhegyi terapeut\u00e1k r\u00e9szv\u00e9tel\u00e9vel Dr. Ajkay Kl\u00e1ra, Bagotai Tam\u00e1s, Lovas Zsuzsa, Dr. So\u00f3s N\u00f3ra, Dr. Sz\u0151nyi G\u00e1bor (45 perc)\u00a0\u00a0 vezeti: Dr. Harmatta J\u00e1nos 3. Dr. Harmatta J\u00e1nos: A T\u00fcnd\u00e9rhegyi oszt\u00e1ly 10 \u00e9ve az OORI-ban 4. El\u0151ad\u00e1sok a jelenlegi terapeut\u00e1k r\u00e9sz\u00e9r\u0151l Dr. Boros Edit &hellip;<\/p>\n","protected":false},"author":299,"featured_media":0,"comment_status":"closed","ping_status":"closed","sticky":false,"template":"","format":"standard","meta":{"_acf_changed":false,"footnotes":""},"categories":[5],"tags":[],"class_list":["post-624","post","type-post","status-publish","format-standard","hentry","category-referalo-ulesek"],"acf":[],"_links":{"self":[{"href":"https:\/\/semmelweis.hu\/rehab\/wp-json\/wp\/v2\/posts\/624","targetHints":{"allow":["GET"]}}],"collection":[{"href":"https:\/\/semmelweis.hu\/rehab\/wp-json\/wp\/v2\/posts"}],"about":[{"href":"https:\/\/semmelweis.hu\/rehab\/wp-json\/wp\/v2\/types\/post"}],"author":[{"embeddable":true,"href":"https:\/\/semmelweis.hu\/rehab\/wp-json\/wp\/v2\/users\/299"}],"replies":[{"embeddable":true,"href":"https:\/\/semmelweis.hu\/rehab\/wp-json\/wp\/v2\/comments?post=624"}],"version-history":[{"count":1,"href":"https:\/\/semmelweis.hu\/rehab\/wp-json\/wp\/v2\/posts\/624\/revisions"}],"predecessor-version":[{"id":625,"href":"https:\/\/semmelweis.hu\/rehab\/wp-json\/wp\/v2\/posts\/624\/revisions\/625"}],"wp:attachment":[{"href":"https:\/\/semmelweis.hu\/rehab\/wp-json\/wp\/v2\/media?parent=624"}],"wp:term":[{"taxonomy":"category","embeddable":true,"href":"https:\/\/semmelweis.hu\/rehab\/wp-json\/wp\/v2\/categories?post=624"},{"taxonomy":"post_tag","embeddable":true,"href":"https:\/\/semmelweis.hu\/rehab\/wp-json\/wp\/v2\/tags?post=624"}],"curies":[{"name":"wp","href":"https:\/\/api.w.org\/{rel}","templated":true}]}}