{"id":616,"date":"2019-04-10T14:12:56","date_gmt":"2019-04-10T12:12:56","guid":{"rendered":"http:\/\/semmelweis.hu\/rehab\/?page_id=616"},"modified":"2019-09-03T15:16:08","modified_gmt":"2019-09-03T13:16:08","slug":"2019-aprilis-16","status":"publish","type":"post","link":"https:\/\/semmelweis.hu\/rehab\/2019\/04\/10\/2019-aprilis-16\/","title":{"rendered":"2019. \u00e1prilis 16."},"content":{"rendered":"<p><strong>Infekci\u00f3kontroll <\/strong><\/p>\n<p><strong>\u00dcl\u00e9seln\u00f6k: Dr. Farkas P\u00e9ter \u00a0\u00a0\u00a0\u00a0\u00a0\u00a0\u00a0\u00a0\u00a0\u00a0\u00a0\u00a0\u00a0\u00a0<\/strong><\/p>\n<p>&nbsp;<\/p>\n<ol>\n<li>Nagy B\u00e9la, Szab\u00f3 Rita, P\u00e9ter L\u00edvia, Dr. Petrovicz Edina, Dr. Farkas P\u00e9ter: MRK \u00e9s CDI fert\u0151z\u00e9sek sz\u00e1m\u00e1nak alakul\u00e1sa Int\u00e9zet\u00fcnkben. A k\u00e9zhigi\u00e9ne helyzete.<\/li>\n<li>Farkas P\u00e9ter, Nagy B\u00e9la, Dr. T\u00f3th Anett, Dr. F\u00f3ri\u00e1n-Szab\u00f3 Mih\u00e1ly, Dr. Hampel Katalin: A 2017. \u00e9vi \u201ePont-prevalencia vizsg\u00e1lat\u201d orsz\u00e1gos \u00f6sszes\u00edtett eredm\u00e9nyeinek bemutat\u00e1sa<\/li>\n<li>Petrovicz Edina: Az infektol\u00f3gus gyakorlati tapasztalatai \u00e9s \u00e9szrev\u00e9telei<\/li>\n<\/ol>\n","protected":false},"excerpt":{"rendered":"<p>Infekci\u00f3kontroll \u00dcl\u00e9seln\u00f6k: Dr. Farkas P\u00e9ter \u00a0\u00a0\u00a0\u00a0\u00a0\u00a0\u00a0\u00a0\u00a0\u00a0\u00a0\u00a0\u00a0\u00a0 &nbsp; Nagy B\u00e9la, Szab\u00f3 Rita, P\u00e9ter L\u00edvia, Dr. Petrovicz Edina, Dr. Farkas P\u00e9ter: MRK \u00e9s CDI fert\u0151z\u00e9sek sz\u00e1m\u00e1nak alakul\u00e1sa Int\u00e9zet\u00fcnkben. A k\u00e9zhigi\u00e9ne helyzete. Farkas P\u00e9ter, Nagy B\u00e9la, Dr. T\u00f3th Anett, Dr. F\u00f3ri\u00e1n-Szab\u00f3 Mih\u00e1ly, Dr. Hampel Katalin: A 2017. \u00e9vi \u201ePont-prevalencia vizsg\u00e1lat\u201d orsz\u00e1gos \u00f6sszes\u00edtett eredm\u00e9nyeinek bemutat\u00e1sa Petrovicz Edina: Az infektol\u00f3gus &hellip;<\/p>\n","protected":false},"author":299,"featured_media":0,"comment_status":"closed","ping_status":"closed","sticky":false,"template":"","format":"standard","meta":{"_acf_changed":false,"footnotes":""},"categories":[5],"tags":[],"class_list":["post-616","post","type-post","status-publish","format-standard","hentry","category-referalo-ulesek"],"acf":[],"_links":{"self":[{"href":"https:\/\/semmelweis.hu\/rehab\/wp-json\/wp\/v2\/posts\/616","targetHints":{"allow":["GET"]}}],"collection":[{"href":"https:\/\/semmelweis.hu\/rehab\/wp-json\/wp\/v2\/posts"}],"about":[{"href":"https:\/\/semmelweis.hu\/rehab\/wp-json\/wp\/v2\/types\/post"}],"author":[{"embeddable":true,"href":"https:\/\/semmelweis.hu\/rehab\/wp-json\/wp\/v2\/users\/299"}],"replies":[{"embeddable":true,"href":"https:\/\/semmelweis.hu\/rehab\/wp-json\/wp\/v2\/comments?post=616"}],"version-history":[{"count":1,"href":"https:\/\/semmelweis.hu\/rehab\/wp-json\/wp\/v2\/posts\/616\/revisions"}],"predecessor-version":[{"id":617,"href":"https:\/\/semmelweis.hu\/rehab\/wp-json\/wp\/v2\/posts\/616\/revisions\/617"}],"wp:attachment":[{"href":"https:\/\/semmelweis.hu\/rehab\/wp-json\/wp\/v2\/media?parent=616"}],"wp:term":[{"taxonomy":"category","embeddable":true,"href":"https:\/\/semmelweis.hu\/rehab\/wp-json\/wp\/v2\/categories?post=616"},{"taxonomy":"post_tag","embeddable":true,"href":"https:\/\/semmelweis.hu\/rehab\/wp-json\/wp\/v2\/tags?post=616"}],"curies":[{"name":"wp","href":"https:\/\/api.w.org\/{rel}","templated":true}]}}