{"id":610,"date":"2019-03-06T13:36:01","date_gmt":"2019-03-06T12:36:01","guid":{"rendered":"http:\/\/semmelweis.hu\/rehab\/?page_id=610"},"modified":"2019-09-03T15:29:34","modified_gmt":"2019-09-03T13:29:34","slug":"2019-marcius-29-novoszel-tibor-emleknap","status":"publish","type":"post","link":"https:\/\/semmelweis.hu\/rehab\/2019\/03\/06\/2019-marcius-29-novoszel-tibor-emleknap\/","title":{"rendered":"2019. m\u00e1rcius 29. Novoszel Tibor Eml\u00e9knap"},"content":{"rendered":"<p>Az OORI Gerincvel\u0151s\u00e9r\u00fcltek Rehabilit\u00e1ci\u00f3s Oszt\u00e1lya \u00e9s a NEKO Magyar Gerinc Alap\u00edtv\u00e1ny nev\u00e9ben szeretettel megh\u00edvunk minden kedves \u00e9rdekl\u0151d\u0151t a<\/p>\n<p><strong>13. Novoszel Tibor Eml\u00e9knapra.<\/strong><\/p>\n<p><strong>Helye:<\/strong><strong>\u00a0 <\/strong>Orsz\u00e1gos Orvosi Rehabilit\u00e1ci\u00f3s Int\u00e9zet<br \/>\nBudapest, XII. Szanat\u00f3rium u. 19,<\/p>\n<p><strong>Ideje:<\/strong> 2019. m\u00e1rcius 29. (p\u00e9ntek)<\/p>\n<p>A gerincvel\u0151s\u00e9r\u00fcl\u00e9s a s\u00e9r\u00fclt szinte \u00f6sszes szervrendszer\u00e9t \u00e9rinti. K\u00f6vetkezm\u00e9nye a szervek m\u0171k\u00f6d\u00e9s\u00e9nek megv\u00e1ltoz\u00e1sa, amivel tiszt\u00e1ban kell lenn\u00fcnk a komplex rehabilit\u00e1ci\u00f3 sor\u00e1n. Ismern\u00fcnk kell a megv\u00e1ltozott anat\u00f3miai \u00e9s fiziol\u00f3giai v\u00e1ltoz\u00e1sokat, \u00e9s azt, hogy ezeket a v\u00e1ltoz\u00e1sokat milyen m\u00f3don tudjuk befoly\u00e1solni \u00fagy, hogy a gerincvel\u0151s\u00e9r\u00fclt ember a lehet\u0151 legteljesebb \u00e9letet \u00e9lhesse a s\u00e9r\u00fcl\u00e9s ut\u00e1n. Az igen sokr\u00e9t\u0171 \u00e9s sok szakm\u00e1t mag\u00e1ban foglal\u00f3 ter\u00fcletek k\u00f6z\u00fcl eddig nemigen foglalkoztunk a s\u00e9r\u00fcltek szexualit\u00e1s\u00e1val \u00e9s az ut\u00f3dnemz\u00e9ssel, pedig ezek a ter\u00fcletek az emberi l\u00e9t alapvet\u0151 ig\u00e9nyei k\u00f6z\u00e9 tartoznak.<\/p>\n<p style=\"text-align: justify;\">Ezen c\u00e9l el\u00e9r\u00e9s\u00e9nek \u00e9rdek\u00e9ben megh\u00edvtunk olyan koll\u00e9g\u00e1kat, akik elhivatotts\u00e1gb\u00f3l dolgoznak az ell\u00e1t\u00e1s ezen, ma m\u00e9g feh\u00e9r foltk\u00e9nt \u00e9ktelenked\u0151 ter\u00fclet\u00e9n, az\u00e9rt, hogy a j\u00f6v\u0151ben a gerincvel\u0151s\u00e9r\u00fcltek val\u00f3ban korszer\u0171 ell\u00e1t\u00e1sban r\u00e9szes\u00fclhessenek haz\u00e1nkban is. Mint l\u00e1tni fogjuk, ezen ell\u00e1t\u00e1s \u00f6nmag\u00e1ban is t\u00f6bb ter\u00fcletet foglal mag\u00e1ban.<\/p>\n<p><strong>PROGRAM<\/strong><\/p>\n<p><strong>9:00-10:00 regisztr\u00e1ci\u00f3<\/strong><\/p>\n<p><strong>10.00 Tudom\u00e1nyos program<\/strong> (OORI Nagyterem):<\/p>\n<p>V\u00e1rhat\u00f3 id\u0151tartam kb. 2 \u00e9s f\u00e9l \u00f3ra<\/p>\n<ol>\n<li>Dr. Cserh\u00e1ti P\u00e9ter PhD: K\u00f6sz\u00f6nt\u0151. A t\u00e9ma fontoss\u00e1ga.<\/li>\n<li>Dr Kopa Zsolt PhD: K\u00f6sz\u00f6nt\u0151. Az androl\u00f3gia \u00e9s a Magyar Androl\u00f3giai\u00a0 \u00a0T\u00e1rsas\u00e1g bemutat\u00e1sa.\u00a0 \u00a0<\/li>\n<li>Dr. Kopa Zsolt PhD: Androl\u00f3gia a rehabilit\u00e1ci\u00f3ban. Nemz\u0151k\u00e9pess\u00e9g.<\/li>\n<li>Dr. Erdei Edit PhD: Az elektroejakul\u00e1ci\u00f3 helye a rehabilit\u00e1ci\u00f3ban.\u00a0 A nemz\u0151k\u00e9pess\u00e9g m\u0171vi biztos\u00edt\u00e1s\u00e1nak hazai lehet\u0151s\u00e9gei.<\/li>\n<li>Dr. Beny\u00f3 M\u00e1ty\u00e1s PhD: Szexu\u00e1lis rehabilit\u00e1ci\u00f3<\/li>\n<li>Dr. Fejes Andr\u00e1s PhD: Gerincvel\u0151s\u00e9r\u00fcltek szexualit\u00e1s\u00e1nak pszichol\u00f3giai\u00a0 vonatkoz\u00e1sai.\u00a0 \u00a0 \u00a0 \u00a0 \u00a0 \u00a0 \u00a0 \u00a0 \u00a0 \u00a0 \u00a0 \u00a0 \u00a0 \u00a0 \u00a0 \u00a0 \u00a0 \u00a0 \u00a0 \u00a0 \u00a0 \u00a0 \u00a0 \u00a0 \u00a0 \u00a0 \u00a0 \u00a0 \u00a0 \u00a0\u00a0<\/li>\n<li>Dr. Klauber Andr\u00e1s: Szexualit\u00e1s \u00e1br\u00e1zol\u00e1sa a m\u0171v\u00e9szetekben<\/li>\n<\/ol>\n<p>\u00a0 \u00a0 \u00a0 \u00a0 \u00a0 \u00a0 \u00a0 \u00a0 Vita, megbesz\u00e9l\u00e9s.<\/p>\n<p><strong>\u00a0 \u00a0 \u00a0 \u00a0 \u00a0 \u00a0 \u00a0 A 2019. \u00e9vi Borsay J\u00e1nos Eml\u00e9k\u00e9rmek \u00e1tad\u00e1sa<\/strong><\/p>\n<p>A r\u00e9szv\u00e9tel ingyenes, el\u0151zetes bejelentkez\u00e9s nem sz\u00fcks\u00e9ges.<\/p>\n<p><strong>A Novoszel Tibor Eml\u00e9knap az OFTEX port\u00e1lon orvosok \u00e9s klinikai szakpszichol\u00f3gusok r\u00e9sz\u00e9re pontszerz\u0151, ut\u00f3akkredit\u00e1lt lesz, amelyhez \u00e9rkez\u00e9skor regisztr\u00e1ci\u00f3ra van sz\u00fcks\u00e9g.<\/strong><\/p>\n<p><strong>14.00 &#8211; Betegtal\u00e1lkoz\u00f3<\/strong> (OORI Nagyterem)<\/p>\n<p>\u00a0\u00a0\u00a0\u00a0\u00a0\u00a0\u00a0\u00a0\u00a0\u00a0\u00a0\u00a0\u00a0\u00a0 Filmvet\u00edt\u00e9s<\/p>\n","protected":false},"excerpt":{"rendered":"<p>Az OORI Gerincvel\u0151s\u00e9r\u00fcltek Rehabilit\u00e1ci\u00f3s Oszt\u00e1lya \u00e9s a NEKO Magyar Gerinc Alap\u00edtv\u00e1ny nev\u00e9ben szeretettel megh\u00edvunk minden kedves \u00e9rdekl\u0151d\u0151t a 13. Novoszel Tibor Eml\u00e9knapra. Helye:\u00a0 Orsz\u00e1gos Orvosi Rehabilit\u00e1ci\u00f3s Int\u00e9zet Budapest, XII. Szanat\u00f3rium u. 19, Ideje: 2019. m\u00e1rcius 29. (p\u00e9ntek) A gerincvel\u0151s\u00e9r\u00fcl\u00e9s a s\u00e9r\u00fclt szinte \u00f6sszes szervrendszer\u00e9t \u00e9rinti. K\u00f6vetkezm\u00e9nye a szervek m\u0171k\u00f6d\u00e9s\u00e9nek megv\u00e1ltoz\u00e1sa, amivel tiszt\u00e1ban kell lenn\u00fcnk a &hellip;<\/p>\n","protected":false},"author":299,"featured_media":0,"comment_status":"closed","ping_status":"closed","sticky":false,"template":"","format":"standard","meta":{"_acf_changed":false,"footnotes":""},"categories":[5],"tags":[],"class_list":["post-610","post","type-post","status-publish","format-standard","hentry","category-referalo-ulesek"],"acf":[],"_links":{"self":[{"href":"https:\/\/semmelweis.hu\/rehab\/wp-json\/wp\/v2\/posts\/610","targetHints":{"allow":["GET"]}}],"collection":[{"href":"https:\/\/semmelweis.hu\/rehab\/wp-json\/wp\/v2\/posts"}],"about":[{"href":"https:\/\/semmelweis.hu\/rehab\/wp-json\/wp\/v2\/types\/post"}],"author":[{"embeddable":true,"href":"https:\/\/semmelweis.hu\/rehab\/wp-json\/wp\/v2\/users\/299"}],"replies":[{"embeddable":true,"href":"https:\/\/semmelweis.hu\/rehab\/wp-json\/wp\/v2\/comments?post=610"}],"version-history":[{"count":4,"href":"https:\/\/semmelweis.hu\/rehab\/wp-json\/wp\/v2\/posts\/610\/revisions"}],"predecessor-version":[{"id":682,"href":"https:\/\/semmelweis.hu\/rehab\/wp-json\/wp\/v2\/posts\/610\/revisions\/682"}],"wp:attachment":[{"href":"https:\/\/semmelweis.hu\/rehab\/wp-json\/wp\/v2\/media?parent=610"}],"wp:term":[{"taxonomy":"category","embeddable":true,"href":"https:\/\/semmelweis.hu\/rehab\/wp-json\/wp\/v2\/categories?post=610"},{"taxonomy":"post_tag","embeddable":true,"href":"https:\/\/semmelweis.hu\/rehab\/wp-json\/wp\/v2\/tags?post=610"}],"curies":[{"name":"wp","href":"https:\/\/api.w.org\/{rel}","templated":true}]}}