{"id":607,"date":"2019-03-06T13:31:32","date_gmt":"2019-03-06T12:31:32","guid":{"rendered":"http:\/\/semmelweis.hu\/rehab\/?page_id=607"},"modified":"2019-09-03T15:16:08","modified_gmt":"2019-09-03T13:16:08","slug":"2019-marcius-19","status":"publish","type":"post","link":"https:\/\/semmelweis.hu\/rehab\/2019\/03\/06\/2019-marcius-19\/","title":{"rendered":"2019. m\u00e1rcius 19."},"content":{"rendered":"<p><strong>\u00dcl\u00e9seln\u00f6k: Dr. Papp Edit \u00a0\u00a0\u00a0\u00a0\u00a0\u00a0\u00a0\u00a0\u00a0\u00a0\u00a0\u00a0\u00a0\u00a0<\/strong><\/p>\n<p>&nbsp;<\/p>\n<p>1.Prof. Dr. Winkler G\u00e1bor: A II-es t\u00edpus\u00fa diabetes mellitus korszer\u0171 kezel\u00e9se<\/p>\n<p>2.Prof. Dr. Kempler P\u00e9ter: Neuropathia diabetica<\/p>\n","protected":false},"excerpt":{"rendered":"<p>\u00dcl\u00e9seln\u00f6k: Dr. Papp Edit \u00a0\u00a0\u00a0\u00a0\u00a0\u00a0\u00a0\u00a0\u00a0\u00a0\u00a0\u00a0\u00a0\u00a0<br \/>\n&nbsp;<br \/>\n1.Prof. Dr. Winkler G\u00e1bor: A II-es t\u00edpus\u00fa diabetes mellitus korszer\u0171 kezel\u00e9se<br \/>\n2.Prof. Dr. Kempler P\u00e9ter: Neuropathia diabetica<\/p>\n","protected":false},"author":299,"featured_media":0,"comment_status":"closed","ping_status":"closed","sticky":false,"template":"","format":"standard","meta":{"_acf_changed":false,"footnotes":""},"categories":[5],"tags":[],"class_list":["post-607","post","type-post","status-publish","format-standard","hentry","category-referalo-ulesek"],"acf":[],"_links":{"self":[{"href":"https:\/\/semmelweis.hu\/rehab\/wp-json\/wp\/v2\/posts\/607","targetHints":{"allow":["GET"]}}],"collection":[{"href":"https:\/\/semmelweis.hu\/rehab\/wp-json\/wp\/v2\/posts"}],"about":[{"href":"https:\/\/semmelweis.hu\/rehab\/wp-json\/wp\/v2\/types\/post"}],"author":[{"embeddable":true,"href":"https:\/\/semmelweis.hu\/rehab\/wp-json\/wp\/v2\/users\/299"}],"replies":[{"embeddable":true,"href":"https:\/\/semmelweis.hu\/rehab\/wp-json\/wp\/v2\/comments?post=607"}],"version-history":[{"count":1,"href":"https:\/\/semmelweis.hu\/rehab\/wp-json\/wp\/v2\/posts\/607\/revisions"}],"predecessor-version":[{"id":608,"href":"https:\/\/semmelweis.hu\/rehab\/wp-json\/wp\/v2\/posts\/607\/revisions\/608"}],"wp:attachment":[{"href":"https:\/\/semmelweis.hu\/rehab\/wp-json\/wp\/v2\/media?parent=607"}],"wp:term":[{"taxonomy":"category","embeddable":true,"href":"https:\/\/semmelweis.hu\/rehab\/wp-json\/wp\/v2\/categories?post=607"},{"taxonomy":"post_tag","embeddable":true,"href":"https:\/\/semmelweis.hu\/rehab\/wp-json\/wp\/v2\/tags?post=607"}],"curies":[{"name":"wp","href":"https:\/\/api.w.org\/{rel}","templated":true}]}}