{"id":600,"date":"2019-02-21T14:51:25","date_gmt":"2019-02-21T13:51:25","guid":{"rendered":"http:\/\/semmelweis.hu\/rehab\/?page_id=600"},"modified":"2019-09-03T15:24:38","modified_gmt":"2019-09-03T13:24:38","slug":"2019-marcius-5","status":"publish","type":"post","link":"https:\/\/semmelweis.hu\/rehab\/2019\/02\/21\/2019-marcius-5\/","title":{"rendered":"2019. m\u00e1rcius 5."},"content":{"rendered":"<p><strong>\u00dcl\u00e9seln\u00f6k: Dr. Fazekas G\u00e1bor<\/strong><\/p>\n<ol>\n<li>Prof. Laczk\u00f3 J\u00f3zsef (PTE):Funkcion\u00e1lis elektromos stimul\u00e1ci\u00f3 \u00e9s ember-g\u00e9p kapcsolat<\/li>\n<li>Dr. Hal\u00e1sz L\u00e1szl\u00f3 (OKITI): Neuromodul\u00e1ci\u00f3s lehet\u0151s\u00e9gek a f\u00e1jdalomcsillap\u00edt\u00e1sban<\/li>\n<\/ol>\n","protected":false},"excerpt":{"rendered":"<p>\u00dcl\u00e9seln\u00f6k: Dr. Fazekas G\u00e1bor<\/p>\n<p>Prof. Laczk\u00f3 J\u00f3zsef (PTE):Funkcion\u00e1lis elektromos stimul\u00e1ci\u00f3 \u00e9s ember-g\u00e9p kapcsolat<br \/>\nDr. Hal\u00e1sz L\u00e1szl\u00f3 (OKITI): Neuromodul\u00e1ci\u00f3s lehet\u0151s\u00e9gek a f\u00e1jdalomcsillap\u00edt\u00e1sban<\/p>\n","protected":false},"author":299,"featured_media":0,"comment_status":"closed","ping_status":"closed","sticky":false,"template":"","format":"standard","meta":{"_acf_changed":false,"footnotes":""},"categories":[5],"tags":[],"class_list":["post-600","post","type-post","status-publish","format-standard","hentry","category-referalo-ulesek"],"acf":[],"_links":{"self":[{"href":"https:\/\/semmelweis.hu\/rehab\/wp-json\/wp\/v2\/posts\/600","targetHints":{"allow":["GET"]}}],"collection":[{"href":"https:\/\/semmelweis.hu\/rehab\/wp-json\/wp\/v2\/posts"}],"about":[{"href":"https:\/\/semmelweis.hu\/rehab\/wp-json\/wp\/v2\/types\/post"}],"author":[{"embeddable":true,"href":"https:\/\/semmelweis.hu\/rehab\/wp-json\/wp\/v2\/users\/299"}],"replies":[{"embeddable":true,"href":"https:\/\/semmelweis.hu\/rehab\/wp-json\/wp\/v2\/comments?post=600"}],"version-history":[{"count":2,"href":"https:\/\/semmelweis.hu\/rehab\/wp-json\/wp\/v2\/posts\/600\/revisions"}],"predecessor-version":[{"id":675,"href":"https:\/\/semmelweis.hu\/rehab\/wp-json\/wp\/v2\/posts\/600\/revisions\/675"}],"wp:attachment":[{"href":"https:\/\/semmelweis.hu\/rehab\/wp-json\/wp\/v2\/media?parent=600"}],"wp:term":[{"taxonomy":"category","embeddable":true,"href":"https:\/\/semmelweis.hu\/rehab\/wp-json\/wp\/v2\/categories?post=600"},{"taxonomy":"post_tag","embeddable":true,"href":"https:\/\/semmelweis.hu\/rehab\/wp-json\/wp\/v2\/tags?post=600"}],"curies":[{"name":"wp","href":"https:\/\/api.w.org\/{rel}","templated":true}]}}