{"id":592,"date":"2019-01-22T13:56:08","date_gmt":"2019-01-22T12:56:08","guid":{"rendered":"http:\/\/semmelweis.hu\/rehab\/?page_id=592"},"modified":"2019-09-03T15:24:38","modified_gmt":"2019-09-03T13:24:38","slug":"2019-i-felevi-referalo-tudomanyos-ulesek","status":"publish","type":"post","link":"https:\/\/semmelweis.hu\/rehab\/2019\/01\/22\/2019-i-felevi-referalo-tudomanyos-ulesek\/","title":{"rendered":"2019. I. f\u00e9l\u00e9vi program"},"content":{"rendered":"<table style=\"width: 100%; border-color: #4a4848;\" border=\"1\" cellspacing=\"5\" cellpadding=\"5\">\n<thead>\n<tr>\n<td style=\"width: 20%; text-align: center;\"><strong>ID\u0150PONT<\/strong><\/td>\n<td style=\"text-align: center;\"><strong>T\u00c9MA<\/strong><\/td>\n<td style=\"text-align: center;\"><strong>\u00dcL\u00c9SELN\u00d6K<\/strong><\/td>\n<td style=\"width: 10%; text-align: center;\"><strong>MEGJEGYZ\u00c9S<\/strong><strong>\u00a0<\/strong><\/td>\n<\/tr>\n<\/thead>\n<tbody>\n<tr>\n<td style=\"vertical-align: top;\">\n<p>Febru\u00e1r 5.<\/p>\n<\/td>\n<td style=\"width: 45%;\">\n<p>Robotter\u00e1pi\u00e1s R\u00e9szleg bemutat\u00e1sa<\/p>\n<p>Az adatv\u00e9delem jogszab\u00e1lyi h\u00e1ttere \u2013 Dr. Nagy Annam\u00e1ria<\/p>\n<p>Esetbemutat\u00e1s \u2013 Mas\u00e1t Orsolya, R\u00e9v\u00e9szek 15perc<\/p>\n<\/td>\n<td style=\"width: 25%;\">\n<p>Dr. Fazekas G\u00e1bor<\/p>\n<\/td>\n<td>&nbsp;<\/td>\n<\/tr>\n<tr>\n<td style=\"vertical-align: top;\">\n<p>Febru\u00e1r 19.<\/p>\n<\/td>\n<td style=\"vertical-align: top;\">\n<p>\u00c1pol\u00f3k napja<\/p>\n<\/td>\n<td style=\"vertical-align: top;\">\n<p>Gr\u00f3f Kinga<\/p>\n<\/td>\n<td style=\"vertical-align: top;\">\u00a0<\/td>\n<\/tr>\n<tr style=\"height: 160px;\">\n<td style=\"vertical-align: top;\">\n<p>M\u00e1rcius \u00a05.<\/p>\n<\/td>\n<td style=\"vertical-align: top;\">\n<p>Neurostimul\u00e1ci\u00f3<\/p>\n<\/td>\n<td style=\"vertical-align: top;\">\n<p>Dr. Fazekas G\u00e1bor<\/p>\n<\/td>\n<td style=\"vertical-align: top;\">\u00a0<\/td>\n<\/tr>\n<tr>\n<td style=\"vertical-align: top;\">\n<p>M\u00e1rcius 19.<\/p>\n<\/td>\n<td style=\"vertical-align: top;\">\n<p>Diabetes aktu\u00e1lis k\u00e9rd\u00e9sei \u2013ter\u00e1pia, diab neuropathia<\/p>\n<p>prof. \u00a0Winkler G\u00e1bor, \u00a0prof. Kempler P\u00e9ter<\/p>\n<\/td>\n<td style=\"vertical-align: top;\">\n<p>Dr. Papp Edit<\/p>\n<\/td>\n<td style=\"vertical-align: top;\">\u00a0<\/td>\n<\/tr>\n<tr>\n<td style=\"vertical-align: top;\">\n<p>\u00c1prilis 16.<\/p>\n<\/td>\n<td style=\"vertical-align: top;\">\n<p>Infekci\u00f3kontroll<\/p>\n<\/td>\n<td style=\"vertical-align: top;\">\n<p>Dr. Farkas P\u00e9ter<\/p>\n<\/td>\n<td style=\"vertical-align: top;\">\n<p>&nbsp;<\/p>\n<\/td>\n<\/tr>\n<tr>\n<td style=\"vertical-align: top;\">\n<p>M\u00e1jus 7.<\/p>\n<\/td>\n<td style=\"vertical-align: top;\">\n<p>Pszichoter\u00e1pi\u00e1s Oszt\u00e1ly 10 \u00e9ve az OORI-ban<\/p>\n<\/td>\n<td style=\"vertical-align: top;\">\n<p>Dr. Harmatta J\u00e1nos<\/p>\n<\/td>\n<td style=\"vertical-align: top;\">\u00a0<\/td>\n<\/tr>\n<tr>\n<td style=\"vertical-align: top;\">\n<p>M\u00e1jus 21.<\/p>\n<\/td>\n<td style=\"vertical-align: top;\">\n<p>Audit nap<\/p>\n<\/td>\n<td style=\"vertical-align: top;\">\n<p>Dr. Boros Erzs\u00e9bet<\/p>\n<\/td>\n<td style=\"vertical-align: top;\">\n<p>FIFO<\/p>\n<\/td>\n<\/tr>\n<tr>\n<td style=\"vertical-align: top;\">\n<p>J\u00fanius \u00a04.<\/p>\n<\/td>\n<td style=\"vertical-align: top;\">\n<p>Tudom\u00e1nyos besz\u00e1mol\u00f3 \u00e9s\u00a0 \u00a0kutat\u00e1si nap<\/p>\n<\/td>\n<td style=\"vertical-align: top;\">\n<p>Dr. D\u00e9nes Zolt\u00e1n<\/p>\n<\/td>\n<td style=\"vertical-align: top;\">\u00a0<\/td>\n<\/tr>\n<\/tbody>\n<\/table>\n<p>\n\u00daj ismeretek a rehabilit\u00e1ci\u00f3ban k\u00f6telez\u0151 szintentart\u00f3 tanf 2019. janu\u00e1r 28-31<\/p>\n<p>Protetikai \u00e9s ortetikai alapismeretek tanfolyam 2019. febru\u00e1r 25-28.\u00a0 \u00a0 \u00a0 \u00a0 \u00a0 \u00a0 \u00a0 \u00a0 \u00a0 \u00a0 \u00a0 \u00a0 \u00a0 \u00a0 \u00a0 \u00a0 \u00a0 \u00a0 \u00a0 \u00a0 \u00a0 \u00a0 \u00a0 \u00a0\u00a0<\/p>\n<p>Szemezget\u00e9sek 2019. \u00e1pr 5.<\/p>\n<p>Novoszel nap 2019. m\u00e1rc.\u00a0 29.<\/p>\n<p>UEMS 2019. m\u00e1rc. 21-23<\/p>\n<p>FIFO 2019. m\u00e1j.24.<\/p>\n<p>&nbsp;<\/p>\n","protected":false},"excerpt":{"rendered":"<p>ID\u0150PONT T\u00c9MA \u00dcL\u00c9SELN\u00d6K MEGJEGYZ\u00c9S\u00a0 Febru\u00e1r 5. Robotter\u00e1pi\u00e1s R\u00e9szleg bemutat\u00e1sa Az adatv\u00e9delem jogszab\u00e1lyi h\u00e1ttere \u2013 Dr. Nagy Annam\u00e1ria Esetbemutat\u00e1s \u2013 Mas\u00e1t Orsolya, R\u00e9v\u00e9szek 15perc Dr. Fazekas G\u00e1bor &nbsp; Febru\u00e1r 19. \u00c1pol\u00f3k napja Gr\u00f3f Kinga \u00a0 M\u00e1rcius \u00a05. Neurostimul\u00e1ci\u00f3 Dr. Fazekas G\u00e1bor \u00a0 M\u00e1rcius 19. Diabetes aktu\u00e1lis k\u00e9rd\u00e9sei \u2013ter\u00e1pia, diab neuropathia prof. \u00a0Winkler G\u00e1bor, \u00a0prof. Kempler P\u00e9ter &hellip;<\/p>\n","protected":false},"author":299,"featured_media":0,"comment_status":"closed","ping_status":"closed","sticky":false,"template":"","format":"standard","meta":{"_acf_changed":false,"footnotes":""},"categories":[5],"tags":[],"class_list":["post-592","post","type-post","status-publish","format-standard","hentry","category-referalo-ulesek"],"acf":[],"_links":{"self":[{"href":"https:\/\/semmelweis.hu\/rehab\/wp-json\/wp\/v2\/posts\/592","targetHints":{"allow":["GET"]}}],"collection":[{"href":"https:\/\/semmelweis.hu\/rehab\/wp-json\/wp\/v2\/posts"}],"about":[{"href":"https:\/\/semmelweis.hu\/rehab\/wp-json\/wp\/v2\/types\/post"}],"author":[{"embeddable":true,"href":"https:\/\/semmelweis.hu\/rehab\/wp-json\/wp\/v2\/users\/299"}],"replies":[{"embeddable":true,"href":"https:\/\/semmelweis.hu\/rehab\/wp-json\/wp\/v2\/comments?post=592"}],"version-history":[{"count":4,"href":"https:\/\/semmelweis.hu\/rehab\/wp-json\/wp\/v2\/posts\/592\/revisions"}],"predecessor-version":[{"id":660,"href":"https:\/\/semmelweis.hu\/rehab\/wp-json\/wp\/v2\/posts\/592\/revisions\/660"}],"wp:attachment":[{"href":"https:\/\/semmelweis.hu\/rehab\/wp-json\/wp\/v2\/media?parent=592"}],"wp:term":[{"taxonomy":"category","embeddable":true,"href":"https:\/\/semmelweis.hu\/rehab\/wp-json\/wp\/v2\/categories?post=592"},{"taxonomy":"post_tag","embeddable":true,"href":"https:\/\/semmelweis.hu\/rehab\/wp-json\/wp\/v2\/tags?post=592"}],"curies":[{"name":"wp","href":"https:\/\/api.w.org\/{rel}","templated":true}]}}