{"id":585,"date":"2018-11-07T10:53:25","date_gmt":"2018-11-07T09:53:25","guid":{"rendered":"http:\/\/semmelweis.hu\/rehab\/?page_id=585"},"modified":"2019-09-03T15:16:08","modified_gmt":"2019-09-03T13:16:08","slug":"2018-november-20","status":"publish","type":"post","link":"https:\/\/semmelweis.hu\/rehab\/2018\/11\/07\/2018-november-20\/","title":{"rendered":"2018. november 20."},"content":{"rendered":"<ol start=\"2018\">\n<li><strong> november 20.<\/strong><strong> 14:00-16:30<\/strong><\/li>\n<\/ol>\n<p><strong>Az \u00fcl\u00e9s helysz\u00edne: Nagy el\u0151ad\u00f3 (F\u0151\u00e9p\u00fclet, f\u00f6ldszint)<\/strong><\/p>\n<p>\u00dcl\u00e9seln\u00f6k: Verseghi Anna<\/p>\n<p>&nbsp;<\/p>\n<p>1.Rendszerprobl\u00e9m\u00e1k a rehabilit\u00e1ci\u00f3ban. Cserh\u00e1ti P\u00e9ter \u00e9s Kullmann Lajos <em>f\u0151igazgat\u00f3k <\/em>(20 perc)<\/p>\n<p>2.Vaskalapos vagy 6 kalapos?! B\u00f3di Mariann, Bereczki Csab\u00e1n\u00e9, Feh\u00e9r Zsuzsanna, Frey Erika, Dr Magyarn\u00e9 Demeter Gabriella, Mauer J\u00f3zsef \u2013 <em>vezet\u0151 \u00e1pol\u00f3k <\/em>(&lt;15 perc)<\/p>\n<p>3.A team mint gy\u00f3gy\u00edt\u00f3 k\u00f6z\u00f6ss\u00e9g. S.Nagy Zita <em>\u2013 (neuro)pszichol\u00f3gus <\/em>(&lt;15 perc)<\/p>\n<p>4.(M)ilyen az OORI a mozg\u00e1sterapeut\u00e1k szem\u00fcveg\u00e9n kereszt\u00fcl. Katona Enik\u0151 \u00e9s Nemes L\u00e1szl\u00f3 \u2013 <em>mozg\u00e1sterapeut\u00e1k v\u00edzben \u00e9s sz\u00e1razf\u00f6ld\u00f6n <\/em>(&lt;15 perc)<\/p>\n<p>5.Az \u00f6sszehangol\u00f3d\u00e1s v\u00e1gya \u00e9s az \u00f6sszehangol\u00f3d\u00e1s akad\u00e1lya. Mas\u00e1t Orsolya \u00e9s Verseghi Anna <em>\u2013 orvos-pszichol\u00f3gus p\u00e1rost\u00e1nc <\/em>(&lt;15 perc)<\/p>\n<p>6.Vigy\u00e9l el! V\u00e1mos Tibor \u2013 <em>ergoterapeuta <\/em>(21,5 perc)<em>\u00a0<\/em><\/p>\n<p>7.OORI team-be-l\u00e9pve. Bemutatkoz\u00e1s. Cs\u00fcrke Ildik\u00f3 \u2013 <em>gazdas\u00e1gi igazgat\u00f3 <\/em>(3 perc)<\/p>\n<p>8.Rendszerhangok. Fekete Zs\u00f3fia, Cselen\u00e1k Zsolt, Eckhardt Fanni \u2013 \u00a0<em>zeneterapeut\u00e1k<\/em> (a 2., a 4. \u00e9s a 6. el\u0151ad\u00e1s ut\u00e1n \u00f6sszesen 5 perc)<\/p>\n","protected":false},"excerpt":{"rendered":"<p>november 20. 14:00-16:30 Az \u00fcl\u00e9s helysz\u00edne: Nagy el\u0151ad\u00f3 (F\u0151\u00e9p\u00fclet, f\u00f6ldszint) \u00dcl\u00e9seln\u00f6k: Verseghi Anna &nbsp; 1.Rendszerprobl\u00e9m\u00e1k a rehabilit\u00e1ci\u00f3ban. Cserh\u00e1ti P\u00e9ter \u00e9s Kullmann Lajos f\u0151igazgat\u00f3k (20 perc) 2.Vaskalapos vagy 6 kalapos?! B\u00f3di Mariann, Bereczki Csab\u00e1n\u00e9, Feh\u00e9r Zsuzsanna, Frey Erika, Dr Magyarn\u00e9 Demeter Gabriella, Mauer J\u00f3zsef \u2013 vezet\u0151 \u00e1pol\u00f3k (&lt;15 perc) 3.A team mint gy\u00f3gy\u00edt\u00f3 k\u00f6z\u00f6ss\u00e9g. S.Nagy Zita &hellip;<\/p>\n","protected":false},"author":299,"featured_media":0,"comment_status":"closed","ping_status":"closed","sticky":false,"template":"","format":"standard","meta":{"_acf_changed":false,"footnotes":""},"categories":[5],"tags":[],"class_list":["post-585","post","type-post","status-publish","format-standard","hentry","category-referalo-ulesek"],"acf":[],"_links":{"self":[{"href":"https:\/\/semmelweis.hu\/rehab\/wp-json\/wp\/v2\/posts\/585","targetHints":{"allow":["GET"]}}],"collection":[{"href":"https:\/\/semmelweis.hu\/rehab\/wp-json\/wp\/v2\/posts"}],"about":[{"href":"https:\/\/semmelweis.hu\/rehab\/wp-json\/wp\/v2\/types\/post"}],"author":[{"embeddable":true,"href":"https:\/\/semmelweis.hu\/rehab\/wp-json\/wp\/v2\/users\/299"}],"replies":[{"embeddable":true,"href":"https:\/\/semmelweis.hu\/rehab\/wp-json\/wp\/v2\/comments?post=585"}],"version-history":[{"count":1,"href":"https:\/\/semmelweis.hu\/rehab\/wp-json\/wp\/v2\/posts\/585\/revisions"}],"predecessor-version":[{"id":586,"href":"https:\/\/semmelweis.hu\/rehab\/wp-json\/wp\/v2\/posts\/585\/revisions\/586"}],"wp:attachment":[{"href":"https:\/\/semmelweis.hu\/rehab\/wp-json\/wp\/v2\/media?parent=585"}],"wp:term":[{"taxonomy":"category","embeddable":true,"href":"https:\/\/semmelweis.hu\/rehab\/wp-json\/wp\/v2\/categories?post=585"},{"taxonomy":"post_tag","embeddable":true,"href":"https:\/\/semmelweis.hu\/rehab\/wp-json\/wp\/v2\/tags?post=585"}],"curies":[{"name":"wp","href":"https:\/\/api.w.org\/{rel}","templated":true}]}}