{"id":581,"date":"2018-10-29T09:13:55","date_gmt":"2018-10-29T08:13:55","guid":{"rendered":"http:\/\/semmelweis.hu\/rehab\/?page_id=581"},"modified":"2019-09-03T15:16:08","modified_gmt":"2019-09-03T13:16:08","slug":"2018-november-6","status":"publish","type":"post","link":"https:\/\/semmelweis.hu\/rehab\/2018\/10\/29\/2018-november-6\/","title":{"rendered":"2018. november 6."},"content":{"rendered":"<ol start=\"2018\">\n<li><strong> november 6. 14 \u00f3ra<\/strong><\/li>\n<\/ol>\n<p><strong>helysz\u00edn: <\/strong>OORI f\u00f6ldszinti el\u0151ad\u00f3terem<\/p>\n<p><strong>\u00dcl\u00e9seln\u00f6k: <\/strong>\u00a0Dr. K\u00e1das Istv\u00e1n, Dr. Boros Erzs\u00e9bet<\/p>\n<p><strong>\u00a0<\/strong><\/p>\n<p><strong>T\u00e9ma: <\/strong>Az als\u00f3 v\u00e9gtag \u00edz\u00fcleteinek rev\u00edzi\u00f3s m\u0171t\u00e9tei \u00e9s a Nemzeti Prot\u00e9zis Regiszter<\/p>\n<p><strong>\u00a0<\/strong><\/p>\n<p>1.Min\u0151s\u00e9g alap\u00fa eg\u00e9szs\u00e9g\u00fcgy \u00e9s Nemzeti Prot\u00e9zis Regiszter: \u00a0Dr .Heged\u0171s Zsolt \u2013 Duna Medical Center\u00a0\u00a0\u00a0\u00a0\u00a0\u00a0\u00a0\u00a0\u00a0\u00a0\u00a0\u00a0\u00a0\u00a0\u00a0\u00a0\u00a0\u00a0\u00a0\u00a0\u00a0\u00a0\u00a0\u00a0\u00a0\u00a0\u00a0\u00a0\u00a0\u00a0\u00a0\u00a0\u00a0\u00a0\u00a0\u00a0\u00a0\u00a0\u00a0\u00a0\u00a0\u00a0\u00a0\u00a0\u00a0\u00a0\u00a0\u00a0\u00a0<\/p>\n<p>2.\u00dajabb technik\u00e1k a cs\u00edp\u0151\u00edz\u00fcleti v\u00e1pa rev\u00edzi\u00f3k vonatkoz\u00e1s\u00e1ban : Dr. Udvarhelyi Iv\u00e1n\u00a0 \u2013 Uzsoki u. Kh.\u00a0\u00a0\u00a0\u00a0\u00a0\u00a0\u00a0\u00a0\u00a0\u00a0\u00a0\u00a0\u00a0\u00a0\u00a0\u00a0\u00a0\u00a0\u00a0\u00a0\u00a0\u00a0\u00a0\u00a0\u00a0\u00a0\u00a0\u00a0\u00a0\u00a0\u00a0\u00a0\u00a0\u00a0\u00a0\u00a0\u00a0\u00a0\u00a0\u00a0\u00a0\u00a0\u00a0\u00a0\u00a0\u00a0\u00a0\u00a0\u00a0\u00a0\u00a0\u00a0\u00a0\u00a0\u00a0\u00a0\u00a0\u00a0\u00a0\u00a0\u00a0\u00a0\u00a0\u00a0\u00a0\u00a0\u00a0\u00a0\u00a0\u00a0\u00a0\u00a0\u00a0\u00a0\u00a0\u00a0\u00a0\u00a0\u00a0\u00a0\u00a0\u00a0\u00a0\u00a0\u00a0\u00a0\u00a0\u00a0\u00a0\u00a0\u00a0\u00a0\u00a0\u00a0<\/p>\n<p>3.T\u00e9rdprot\u00e9zis rev\u00edzi\u00f3k, ut\u00f3kezel\u00e9s\u00fck: \u00a0Dr. B\u00f6lcsh\u00e1zy Zolt\u00e1n\u00a0 &#8211; OORI\u00a0<\/p>\n<p>4.Periprotetikus t\u00f6r\u00e9sek ell\u00e1t\u00e1sa prot\u00e9zis rev\u00edzi\u00f3val:Dr. Fl\u00f3ris Istv\u00e1n- P\u00e9terfy Kh. Orsz\u00e1gos Traumatol\u00f3giai Int\u00e9zet<\/p>\n<p>5.Fels\u0151- \u00e9s als\u00f3 ugr\u00f3\u00edz\u00fcleti arthrodesisek oszt\u00e1lyunkon:\u00a0\u00a0 Dr. K\u00e1das Istv\u00e1n\u00a0&#8211; OORI<\/p>\n<p>6.Rev\u00edzi\u00f3s m\u0171t\u00e9tek ut\u00e1ni rehabilit\u00e1ci\u00f3: Dr. V\u00e9n Ildik\u00f3, Dr. Boros Erzs\u00e9bet &#8211; OORI<\/p>\n<p>&nbsp;<\/p>\n","protected":false},"excerpt":{"rendered":"<p>november 6. 14 \u00f3ra helysz\u00edn: OORI f\u00f6ldszinti el\u0151ad\u00f3terem \u00dcl\u00e9seln\u00f6k: \u00a0Dr. K\u00e1das Istv\u00e1n, Dr. Boros Erzs\u00e9bet \u00a0 T\u00e9ma: Az als\u00f3 v\u00e9gtag \u00edz\u00fcleteinek rev\u00edzi\u00f3s m\u0171t\u00e9tei \u00e9s a Nemzeti Prot\u00e9zis Regiszter \u00a0 1.Min\u0151s\u00e9g alap\u00fa eg\u00e9szs\u00e9g\u00fcgy \u00e9s Nemzeti Prot\u00e9zis Regiszter: \u00a0Dr .Heged\u0171s Zsolt \u2013 Duna Medical Center\u00a0\u00a0\u00a0\u00a0\u00a0\u00a0\u00a0\u00a0\u00a0\u00a0\u00a0\u00a0\u00a0\u00a0\u00a0\u00a0\u00a0\u00a0\u00a0\u00a0\u00a0\u00a0\u00a0\u00a0\u00a0\u00a0\u00a0\u00a0\u00a0\u00a0\u00a0\u00a0\u00a0\u00a0\u00a0\u00a0\u00a0\u00a0\u00a0\u00a0\u00a0\u00a0\u00a0\u00a0\u00a0\u00a0\u00a0\u00a0\u00a0 2.\u00dajabb technik\u00e1k a cs\u00edp\u0151\u00edz\u00fcleti v\u00e1pa rev\u00edzi\u00f3k vonatkoz\u00e1s\u00e1ban : Dr. Udvarhelyi Iv\u00e1n\u00a0 \u2013 &hellip;<\/p>\n","protected":false},"author":299,"featured_media":0,"comment_status":"closed","ping_status":"closed","sticky":false,"template":"","format":"standard","meta":{"_acf_changed":false,"footnotes":""},"categories":[5],"tags":[],"class_list":["post-581","post","type-post","status-publish","format-standard","hentry","category-referalo-ulesek"],"acf":[],"_links":{"self":[{"href":"https:\/\/semmelweis.hu\/rehab\/wp-json\/wp\/v2\/posts\/581","targetHints":{"allow":["GET"]}}],"collection":[{"href":"https:\/\/semmelweis.hu\/rehab\/wp-json\/wp\/v2\/posts"}],"about":[{"href":"https:\/\/semmelweis.hu\/rehab\/wp-json\/wp\/v2\/types\/post"}],"author":[{"embeddable":true,"href":"https:\/\/semmelweis.hu\/rehab\/wp-json\/wp\/v2\/users\/299"}],"replies":[{"embeddable":true,"href":"https:\/\/semmelweis.hu\/rehab\/wp-json\/wp\/v2\/comments?post=581"}],"version-history":[{"count":1,"href":"https:\/\/semmelweis.hu\/rehab\/wp-json\/wp\/v2\/posts\/581\/revisions"}],"predecessor-version":[{"id":582,"href":"https:\/\/semmelweis.hu\/rehab\/wp-json\/wp\/v2\/posts\/581\/revisions\/582"}],"wp:attachment":[{"href":"https:\/\/semmelweis.hu\/rehab\/wp-json\/wp\/v2\/media?parent=581"}],"wp:term":[{"taxonomy":"category","embeddable":true,"href":"https:\/\/semmelweis.hu\/rehab\/wp-json\/wp\/v2\/categories?post=581"},{"taxonomy":"post_tag","embeddable":true,"href":"https:\/\/semmelweis.hu\/rehab\/wp-json\/wp\/v2\/tags?post=581"}],"curies":[{"name":"wp","href":"https:\/\/api.w.org\/{rel}","templated":true}]}}