{"id":577,"date":"2018-09-25T10:28:28","date_gmt":"2018-09-25T08:28:28","guid":{"rendered":"http:\/\/semmelweis.hu\/rehab\/?page_id=577"},"modified":"2019-09-03T15:16:08","modified_gmt":"2019-09-03T13:16:08","slug":"2018-oktober-2","status":"publish","type":"post","link":"https:\/\/semmelweis.hu\/rehab\/2018\/09\/25\/2018-oktober-2\/","title":{"rendered":"2018. okt\u00f3ber 2."},"content":{"rendered":"<p><strong>Radiol\u00f3gia<\/strong><\/p>\n<p><strong>\u00dcl\u00e9seln\u00f6k: Dr. Nagy Judit <\/strong><\/p>\n<p>&nbsp;<\/p>\n<ol>\n<li>Dr. Nagy Judit: Esetbemutat\u00e1s<\/li>\n<li>Ambrus J\u00f3zsef, Varga K\u00e1roly (Siemens Healthcare Kft.): MENS Healthineers \u2013 A j\u00f6v\u0151 radiol\u00f3gi\u00e1ja a jelenben\u00a0<\/li>\n<li>Szab\u00f3 \u00c9va: Cs\u00edp\u0151 endoprothesis sz\u00f6v\u0151dm\u00e9nyek radiol\u00f3giai vizsg\u00e1lata a rehabilit\u00e1ci\u00f3ban k\u00e9t eset kapcs\u00e1n (MRAE XXI. Kongresszus poszter bemutat\u00e1sa)<\/li>\n<li>Dr. Nagy Judit: Kr\u00f3nikus v\u00e1llf\u00e1jdalom<\/li>\n<\/ol>\n","protected":false},"excerpt":{"rendered":"<p>Radiol\u00f3gia<br \/>\n\u00dcl\u00e9seln\u00f6k: Dr. Nagy Judit<br \/>\n&nbsp;<\/p>\n<p>Dr. Nagy Judit: Esetbemutat\u00e1s<br \/>\nAmbrus J\u00f3zsef, Varga K\u00e1roly (Siemens Healthcare Kft.): MENS Healthineers \u2013 A j\u00f6v\u0151 radiol\u00f3gi\u00e1ja a jelenben\u00a0<br \/>\nSzab\u00f3 \u00c9va: Cs\u00edp\u0151 endoprothesis sz\u00f6v\u0151dm\u00e9nyek radiol\u00f3giai vizsg\u00e1lata a rehabilit\u00e1ci\u00f3ban k\u00e9t eset kapcs\u00e1n (MRAE XXI. Kongresszus poszter bemutat\u00e1sa)<br \/>\nDr. Nagy Judit: Kr\u00f3nikus v\u00e1llf\u00e1jdalom<\/p>\n","protected":false},"author":299,"featured_media":0,"comment_status":"closed","ping_status":"closed","sticky":false,"template":"","format":"standard","meta":{"_acf_changed":false,"footnotes":""},"categories":[5],"tags":[],"class_list":["post-577","post","type-post","status-publish","format-standard","hentry","category-referalo-ulesek"],"acf":[],"_links":{"self":[{"href":"https:\/\/semmelweis.hu\/rehab\/wp-json\/wp\/v2\/posts\/577","targetHints":{"allow":["GET"]}}],"collection":[{"href":"https:\/\/semmelweis.hu\/rehab\/wp-json\/wp\/v2\/posts"}],"about":[{"href":"https:\/\/semmelweis.hu\/rehab\/wp-json\/wp\/v2\/types\/post"}],"author":[{"embeddable":true,"href":"https:\/\/semmelweis.hu\/rehab\/wp-json\/wp\/v2\/users\/299"}],"replies":[{"embeddable":true,"href":"https:\/\/semmelweis.hu\/rehab\/wp-json\/wp\/v2\/comments?post=577"}],"version-history":[{"count":1,"href":"https:\/\/semmelweis.hu\/rehab\/wp-json\/wp\/v2\/posts\/577\/revisions"}],"predecessor-version":[{"id":578,"href":"https:\/\/semmelweis.hu\/rehab\/wp-json\/wp\/v2\/posts\/577\/revisions\/578"}],"wp:attachment":[{"href":"https:\/\/semmelweis.hu\/rehab\/wp-json\/wp\/v2\/media?parent=577"}],"wp:term":[{"taxonomy":"category","embeddable":true,"href":"https:\/\/semmelweis.hu\/rehab\/wp-json\/wp\/v2\/categories?post=577"},{"taxonomy":"post_tag","embeddable":true,"href":"https:\/\/semmelweis.hu\/rehab\/wp-json\/wp\/v2\/tags?post=577"}],"curies":[{"name":"wp","href":"https:\/\/api.w.org\/{rel}","templated":true}]}}