{"id":555,"date":"2018-09-13T09:47:34","date_gmt":"2018-09-13T07:47:34","guid":{"rendered":"http:\/\/semmelweis.hu\/rehab\/?page_id=555"},"modified":"2019-09-03T15:16:08","modified_gmt":"2019-09-03T13:16:08","slug":"2018-szeptember-18","status":"publish","type":"post","link":"https:\/\/semmelweis.hu\/rehab\/2018\/09\/13\/2018-szeptember-18\/","title":{"rendered":"2018. szeptember 18."},"content":{"rendered":"<p>TRANSZF\u00daZI\u00d3<\/p>\n<p><strong>\u00dcl\u00e9seln\u00f6k: Dr. Matesz Istv\u00e1n\u00a0\u00a0\u00a0\u00a0\u00a0\u00a0\u00a0\u00a0\u00a0\u00a0\u00a0\u00a0\u00a0 <\/strong><\/p>\n<p>1.Matesz \u00a0Istv\u00e1n : V\u00e9rrendel\u00e9s menete az OORI-ban<\/p>\n<p>2.Nemes-Nagy Zsuzsa: A transzf\u00fazi\u00f3 szab\u00e1lyai. A v\u00e9rk\u00e9sz\u00edtm\u00e9nyek kiv\u00e1laszt\u00e1sa. Aktualit\u00e1sok.<\/p>\n<p>3.Moharos Mariann: V\u00e9rk\u00e9sz\u00edtm\u00e9nyek gyakorlati kezel\u00e9se, logisztik\u00e1ja<\/p>\n<p>4.Nagy S\u00e1ndor: Az OVSZ aktu\u00e1lis kih\u00edv\u00e1sai<\/p>\n<p>&nbsp;<\/p>\n<p>MESZK kamp\u00e1nyfilm-az eg\u00e9szs\u00e9g\u00fcgyi szakdolgoz\u00f3i p\u00e1lya n\u00e9pszer\u0171s\u00edt\u00e9s\u00e9re-\u00a0\u00a0 \u00a0bemutat\u00e1sa<\/p>\n","protected":false},"excerpt":{"rendered":"<p>TRANSZF\u00daZI\u00d3<br \/>\n\u00dcl\u00e9seln\u00f6k: Dr. Matesz Istv\u00e1n\u00a0\u00a0\u00a0\u00a0\u00a0\u00a0\u00a0\u00a0\u00a0\u00a0\u00a0\u00a0\u00a0<br \/>\n1.Matesz \u00a0Istv\u00e1n : V\u00e9rrendel\u00e9s menete az OORI-ban<br \/>\n2.Nemes-Nagy Zsuzsa: A transzf\u00fazi\u00f3 szab\u00e1lyai. A v\u00e9rk\u00e9sz\u00edtm\u00e9nyek kiv\u00e1laszt\u00e1sa. Aktualit\u00e1sok.<br \/>\n3.Moharos Mariann: V\u00e9rk\u00e9sz\u00edtm\u00e9nyek gyakorlati kezel\u00e9se, logisztik\u00e1ja<br \/>\n4.Nagy S\u00e1ndor: Az OVSZ aktu\u00e1lis kih\u00edv\u00e1sai<br \/>\n&nbsp;<br \/>\nMESZK kamp\u00e1nyfilm-az eg\u00e9szs\u00e9g\u00fcgyi szakdolgoz\u00f3i p\u00e1lya n\u00e9pszer\u0171s\u00edt\u00e9s\u00e9re-\u00a0\u00a0 \u00a0bemutat\u00e1sa<\/p>\n","protected":false},"author":299,"featured_media":0,"comment_status":"closed","ping_status":"closed","sticky":false,"template":"","format":"standard","meta":{"_acf_changed":false,"footnotes":""},"categories":[5],"tags":[],"class_list":["post-555","post","type-post","status-publish","format-standard","hentry","category-referalo-ulesek"],"acf":[],"_links":{"self":[{"href":"https:\/\/semmelweis.hu\/rehab\/wp-json\/wp\/v2\/posts\/555","targetHints":{"allow":["GET"]}}],"collection":[{"href":"https:\/\/semmelweis.hu\/rehab\/wp-json\/wp\/v2\/posts"}],"about":[{"href":"https:\/\/semmelweis.hu\/rehab\/wp-json\/wp\/v2\/types\/post"}],"author":[{"embeddable":true,"href":"https:\/\/semmelweis.hu\/rehab\/wp-json\/wp\/v2\/users\/299"}],"replies":[{"embeddable":true,"href":"https:\/\/semmelweis.hu\/rehab\/wp-json\/wp\/v2\/comments?post=555"}],"version-history":[{"count":1,"href":"https:\/\/semmelweis.hu\/rehab\/wp-json\/wp\/v2\/posts\/555\/revisions"}],"predecessor-version":[{"id":556,"href":"https:\/\/semmelweis.hu\/rehab\/wp-json\/wp\/v2\/posts\/555\/revisions\/556"}],"wp:attachment":[{"href":"https:\/\/semmelweis.hu\/rehab\/wp-json\/wp\/v2\/media?parent=555"}],"wp:term":[{"taxonomy":"category","embeddable":true,"href":"https:\/\/semmelweis.hu\/rehab\/wp-json\/wp\/v2\/categories?post=555"},{"taxonomy":"post_tag","embeddable":true,"href":"https:\/\/semmelweis.hu\/rehab\/wp-json\/wp\/v2\/tags?post=555"}],"curies":[{"name":"wp","href":"https:\/\/api.w.org\/{rel}","templated":true}]}}