{"id":549,"date":"2018-08-28T12:25:53","date_gmt":"2018-08-28T10:25:53","guid":{"rendered":"http:\/\/semmelweis.hu\/rehab\/?page_id=549"},"modified":"2019-09-03T15:16:08","modified_gmt":"2019-09-03T13:16:08","slug":"2018-szeptember-4-5","status":"publish","type":"post","link":"https:\/\/semmelweis.hu\/rehab\/2018\/08\/28\/2018-szeptember-4-5\/","title":{"rendered":"2018. szeptember 4-5."},"content":{"rendered":"<p><strong>MRT XXXVII. V\u00e1ndorgy\u0171l\u00e9s \u00a0el\u0151ad\u00e1sok bemutat\u00e1sa<\/strong>\u00a0\u00a0\u00a0\u00a0\u00a0\u00a0\u00a0\u00a0\u00a0\u00a0\u00a0\u00a0\u00a0\u00a0\u00a0\u00a0\u00a0\u00a0\u00a0\u00a0\u00a0\u00a0\u00a0\u00a0\u00a0<\/p>\n<ol start=\"2018\">\n<li><strong> szeptember 4. kedd\u00a0 \u00dcl\u00e9seln\u00f6k: Dr. Fazekas G\u00e1bor\u00a0\u00a0\u00a0\u00a0\u00a0\u00a0\u00a0\u00a0\u00a0\u00a0\u00a0\u00a0\u00a0 <\/strong><\/li>\n<\/ol>\n<p>1.Fazekas G, Sobj\u00e1k A, Pilissy T, Stefanik Gy, T\u00f3th A: Felhaszn\u00e1l\u00f3k bevon\u00e1sa a fejleszt\u00e9sbe-az\u00a0 iToilet projekt eredm\u00e9nyei \u00e9s tapasztalatai<\/p>\n<p>2.\u00c1d\u00e1m E, D\u00e9nes Z, Fazekas G, Szab\u00f3 I: Hemispherectomi\u00e1n \u00e1tesett, hemiparetikus beteg robot assziszt\u00e1lt eszk\u00f6zzel v\u00e9gzett j\u00e1r\u00e1sgyakorl\u00e1s\u00e1nak vizsg\u00e1lata<strong>\u00a0\u00a0\u00a0\u00a0\u00a0\u00a0\u00a0\u00a0\u00a0\u00a0\u00a0\u00a0 <\/strong><\/p>\n<p>3.Papp E, Petrovicz E: Infekt\u00edv endocarditis el\u0151fordul\u00e1sa stroke-on \u00e1tesett betegek els\u0151bbs\u00e9gi rehabilit\u00e1ci\u00f3ja sor\u00e1n. H\u00e1rom eset ismertet\u00e9se \u00a0\u00a0\u00a0<\/p>\n<p>4.Herczeg E, Papp E, M\u00e9sz\u00e1ros \u00c9, Fodor Z, Osv\u00e1th Lajos: Siketn\u00e9ma, af\u00e1zi\u00e1s, hemianopszi\u00e1s beteg rehabilit\u00e1ci\u00f3ja stroke ut\u00e1n<\/p>\n<p>5.Eckhardt F, Fekete Zs: K\u00f6z\u00f6ss\u00e9gi zeneter\u00e1pia az af\u00e1zia rehabilit\u00e1ci\u00f3j\u00e1ban<\/p>\n<p>6.Fekete Zs: A zene mindenki\u00e9?<\/p>\n<p>7.Feh\u00e9r M, Agg Zs, Farkas E, Fazekas G: Az agyi plaszticit\u00e1s vizsg\u00e1lat\u00e1nak m\u00f3dszerei stroke ut\u00e1ni \u00e1llapotban<\/p>\n<p>8.D\u00e9nes Z, Nagy h, Tarj\u00e1nyi Sz, Frey E: Baleset k\u00f6vetkezt\u00e9ben s\u00falyos agyk\u00e1rosod\u00e1st szenvedett betegek \u00e1llapota 5 \u00e9vvel a k\u00f3rh\u00e1zi oszt\u00e1lyos rehabilit\u00e1ci\u00f3 ut\u00e1n<\/p>\n<p>9.Verseghi A, W\u00e1gner A: Kapcsolatok nyelve<\/p>\n<p>10.B\u00e1lint B, N\u00e9meth M, Verseghi A, D\u00e9nes Z: Kommunik\u00e1ci\u00f3s csoport a \u201enehezen besz\u00e9l\u0151knek\u201d<\/p>\n<p>11.N\u00e9meth M, Belinszkaja G, Kuzm\u00e1nyi J, D\u00e9nes Z: Logop\u00e9diai munka a korai r\u00e9szlegen<\/p>\n<p>12.Nagy H, Farkas J, Frey E, Tarj\u00e1nyi Sz, Verseghi A, D\u00e9nes Z: Kommunik\u00e1ci\u00f3s kih\u00edv\u00e1sok\/probl\u00e9m\u00e1k a s\u00falyos agys\u00e9r\u00fclt betegek rehabilit\u00e1ci\u00f3j\u00e1ban<\/p>\n<p>13.Tarj\u00e1nyi Sz, Nagy H, Varga K, Frey E, D\u00e9nes Z: S\u00falyos agyk\u00e1rosod\u00e1shoz t\u00e1rsul\u00f3 szem\u00e9szeti sz\u00f6v\u0151dm\u00e9nyek &#8211; K\u00e9t eset bemutat\u00e1sa<\/p>\n<p><strong>szeptember 5. szerda \u00dcl\u00e9seln\u00f6k: Dr. Ken\u00e9z J\u00falia\u00a0 <\/strong><\/p>\n<p>1.Havlikn\u00e9 G.I, Sipos J, N\u00e9meth J: Kommunik\u00e1ci\u00f3 hat\u00e9konys\u00e1g\u00e1nak n\u00f6vel\u00e9se az elektronikus fizioter\u00e1pi\u00e1s dokument\u00e1ci\u00f3 bevezet\u00e9s\u00e9vel az OORI\u2013ban<\/p>\n<p>2.Matesz I, Aranyi E, Farkas P, N\u00e9meth B, Rembeczki L: Rehabilit\u00e1ci\u00f3s c\u00e9l\u00fa als\u00f3v\u00e9gtagi m\u0171t\u00e9tek perif\u00e9ri\u00e1s idegblok\u00e1dban t\u00f6rt\u00e9n\u0151 \u00e9rz\u00e9stelen\u00edt\u00e9s\u00e9nek tapasztalatai az Orsz\u00e1gos Orvosi Rehabilit\u00e1ci\u00f3s Int\u00e9zetben \u00a0\u00a0\u00a0\u00a0\u00a0<\/p>\n<p>3.Kov\u00e1cs N, V\u00e1mos T: Traum\u00e1s s\u00e9r\u00fcl\u00e9s ut\u00e1ni izomgyenges\u00e9g miatt kialakult \u00f6lt\u00f6zk\u00f6d\u00e9si neh\u00e9zs\u00e9g jav\u00edt\u00e1sa ergoter\u00e1pi\u00e1s m\u00f3dszerekkel &#8211; Esetismertet\u00e9s<\/p>\n<p>4.Putz M, Both B, Klauber A:Gerincvel\u0151s\u00e9r\u00fcltek thromboembolia profilaxisa<\/p>\n<p>5.Hrivn\u00e1k G, Horv\u00e1th H, Veress M: Kinek adhat\u00f3 meg az es\u00e9ly?<\/p>\n<p>6.Veress M, Nagy M.\u00c9: Szerepek \u00e9s kompetenci\u00e1k a gerincvel\u0151s\u00e9r\u00fcltek korai rehabilit\u00e1ci\u00f3j\u00e1ban<\/p>\n<p>7.Szab\u00f3 E, Mekler A: Adherencia-\u00fat a ter\u00e1pi\u00e1s sikerhez?<\/p>\n<p>8.Nemes-Toldi J, Boros E: Primer lymphoedem\u00e1s betegeink \u00e1llapot\u00e1nak v\u00e1ltoz\u00e1sa: f\u00f3kuszban a complience, az adherencia \u00e9s a perzisztencia<\/p>\n<p>Poszterek:<\/p>\n<p>1.F\u00f6ldi J, Berencsi A, V\u00e1mos T: A fels\u0151 v\u00e9gtag szenzoros \u00e9s motoros funkci\u00f3inak vizsg\u00e1lata a stroke k\u00f6vetkezt\u00e9ben mozg\u00e1skorl\u00e1tozott\u00e1 v\u00e1lt szem\u00e9lyek k\u00f6r\u00e9ben<\/p>\n<p>2.V\u00e1mos T, F\u00f6ldi J, Berencsi A: A mozg\u00e1stanul\u00e1s gyors szakasza a funkcion\u00e1lis \u00e1llapot f\u00fcggv\u00e9ny\u00e9ben hemiparetikus betegek eset\u00e9n<\/p>\n<p>3.M\u00e9sz\u00e1ros G: A fejleszt\u00e9si jogviszony \u00faj rendszere\u00a0\u00a0\u00a0\u00a0\u00a0\u00a0\u00a0\u00a0<\/p>\n","protected":false},"excerpt":{"rendered":"<p>MRT XXXVII. V\u00e1ndorgy\u0171l\u00e9s \u00a0el\u0151ad\u00e1sok bemutat\u00e1sa\u00a0\u00a0\u00a0\u00a0\u00a0\u00a0\u00a0\u00a0\u00a0\u00a0\u00a0\u00a0\u00a0\u00a0\u00a0\u00a0\u00a0\u00a0\u00a0\u00a0\u00a0\u00a0\u00a0\u00a0\u00a0 szeptember 4. kedd\u00a0 \u00dcl\u00e9seln\u00f6k: Dr. Fazekas G\u00e1bor\u00a0\u00a0\u00a0\u00a0\u00a0\u00a0\u00a0\u00a0\u00a0\u00a0\u00a0\u00a0\u00a0 1.Fazekas G, Sobj\u00e1k A, Pilissy T, Stefanik Gy, T\u00f3th A: Felhaszn\u00e1l\u00f3k bevon\u00e1sa a fejleszt\u00e9sbe-az\u00a0 iToilet projekt eredm\u00e9nyei \u00e9s tapasztalatai 2.\u00c1d\u00e1m E, D\u00e9nes Z, Fazekas G, Szab\u00f3 I: Hemispherectomi\u00e1n \u00e1tesett, hemiparetikus beteg robot assziszt\u00e1lt eszk\u00f6zzel v\u00e9gzett j\u00e1r\u00e1sgyakorl\u00e1s\u00e1nak vizsg\u00e1lata\u00a0\u00a0\u00a0\u00a0\u00a0\u00a0\u00a0\u00a0\u00a0\u00a0\u00a0\u00a0 3.Papp E, Petrovicz E: Infekt\u00edv endocarditis &hellip;<\/p>\n","protected":false},"author":299,"featured_media":0,"comment_status":"closed","ping_status":"closed","sticky":false,"template":"","format":"standard","meta":{"_acf_changed":false,"footnotes":""},"categories":[5],"tags":[],"class_list":["post-549","post","type-post","status-publish","format-standard","hentry","category-referalo-ulesek"],"acf":[],"_links":{"self":[{"href":"https:\/\/semmelweis.hu\/rehab\/wp-json\/wp\/v2\/posts\/549","targetHints":{"allow":["GET"]}}],"collection":[{"href":"https:\/\/semmelweis.hu\/rehab\/wp-json\/wp\/v2\/posts"}],"about":[{"href":"https:\/\/semmelweis.hu\/rehab\/wp-json\/wp\/v2\/types\/post"}],"author":[{"embeddable":true,"href":"https:\/\/semmelweis.hu\/rehab\/wp-json\/wp\/v2\/users\/299"}],"replies":[{"embeddable":true,"href":"https:\/\/semmelweis.hu\/rehab\/wp-json\/wp\/v2\/comments?post=549"}],"version-history":[{"count":1,"href":"https:\/\/semmelweis.hu\/rehab\/wp-json\/wp\/v2\/posts\/549\/revisions"}],"predecessor-version":[{"id":550,"href":"https:\/\/semmelweis.hu\/rehab\/wp-json\/wp\/v2\/posts\/549\/revisions\/550"}],"wp:attachment":[{"href":"https:\/\/semmelweis.hu\/rehab\/wp-json\/wp\/v2\/media?parent=549"}],"wp:term":[{"taxonomy":"category","embeddable":true,"href":"https:\/\/semmelweis.hu\/rehab\/wp-json\/wp\/v2\/categories?post=549"},{"taxonomy":"post_tag","embeddable":true,"href":"https:\/\/semmelweis.hu\/rehab\/wp-json\/wp\/v2\/tags?post=549"}],"curies":[{"name":"wp","href":"https:\/\/api.w.org\/{rel}","templated":true}]}}