{"id":527,"date":"2018-06-01T10:40:32","date_gmt":"2018-06-01T08:40:32","guid":{"rendered":"http:\/\/semmelweis.hu\/rehab\/?page_id=527"},"modified":"2019-09-03T15:16:08","modified_gmt":"2019-09-03T13:16:08","slug":"2018-junius-havi-program","status":"publish","type":"post","link":"https:\/\/semmelweis.hu\/rehab\/2018\/06\/01\/2018-junius-havi-program\/","title":{"rendered":"2018. j\u00fanius havi program"},"content":{"rendered":"<ol start=\"2018\">\n<li><strong> j\u00fanius 6. <u><span style=\"color: #3366ff\">szerda<\/span>, <\/u><\/strong><strong>\u00dcl\u00e9seln\u00f6k: Dr .D\u00e9nes Zolt\u00e1n <\/strong><\/li>\n<\/ol>\n<p>Dr. Zsiga Katalin PhD. disszert\u00e1ci\u00f3j\u00e1nak nyilv\u00e1nos vit\u00e1ja:<\/p>\n<p>Id\u0151seket saj\u00e1t otthonukban t\u00e1mogat\u00f3 szervizrobot fejleszt\u00e9se \u00e9s terepvizsg\u00e1lata<\/p>\n<p>&nbsp;<\/p>\n<ol start=\"2018\">\n<li><strong> j\u00fanius 18. <u><span style=\"color: #3366ff\">h\u00e9tf\u0151<\/span>, \u00a0<\/u><\/strong><strong>\u00dcl\u00e9seln\u00f6k: Dr. \u00a0D\u00e9nes Zolt\u00e1n <\/strong><\/li>\n<\/ol>\n<p>Dr. P\u00e9ter Orsolya PhD. disszert\u00e1ci\u00f3j\u00e1nak nyilv\u00e1nos vit\u00e1ja:\u00a0\u00a0\u00a0\u00a0\u00a0\u00a0\u00a0\u00a0\u00a0\u00a0\u00a0\u00a0\u00a0\u00a0\u00a0\u00a0\u00a0\u00a0\u00a0\u00a0\u00a0\u00a0\u00a0\u00a0\u00a0\u00a0\u00a0\u00a0\u00a0\u00a0\u00a0\u00a0\u00a0\u00a0\u00a0\u00a0\u00a0\u00a0\u00a0\u00a0\u00a0\u00a0\u00a0\u00a0\u00a0\u00a0\u00a0\u00a0\u00a0\u00a0\u00a0\u00a0\u00a0\u00a0\u00a0\u00a0\u00a0\u00a0 Robot \u00e1ltal t\u00e1mogatott ter\u00e1pia hat\u00e1soss\u00e1g\u00e1nak vizsg\u00e1lata stroke-on \u00e1tesett betegek fels\u0151 v\u00e9gtagi funkci\u00f3j\u00e1nak jav\u00edt\u00e1s\u00e1ra<\/p>\n<p>&nbsp;<\/p>\n<ol start=\"2018\">\n<li><strong> j\u00fanius 19. kedd, \u00a0<\/strong><strong>\u00dcl\u00e9seln\u00f6k: Dr.\u00a0V\u00e9n Ildik\u00f3\u00a0\u00a0\u00a0\u00a0\u00a0\u00a0\u00a0\u00a0\u00a0\u00a0\u00a0\u00a0\u00a0\u00a0\u00a0\u00a0\u00a0\u00a0\u00a0\u00a0\u00a0\u00a0\u00a0\u00a0\u00a0\u00a0\u00a0\u00a0\u00a0\u00a0\u00a0\u00a0\u00a0\u00a0\u00a0\u00a0\u00a0\u00a0\u00a0\u00a0\u00a0\u00a0\u00a0\u00a0\u00a0\u00a0\u00a0\u00a0\u00a0\u00a0\u00a0\u00a0\u00a0\u00a0\u00a0\u00a0\u00a0\u00a0\u00a0\u00a0\u00a0\u00a0\u00a0\u00a0\u00a0\u00a0\u00a0\u00a0\u00a0\u00a0\u00a0\u00a0\u00a0\u00a0\u00a0\u00a0\u00a0\u00a0\u00a0\u00a0\u00a0\u00a0\u00a0\u00a0\u00a0\u00a0\u00a0\u00a0\u00a0\u00a0\u00a0\u00a0\u00a0\u00a0\u00a0\u00a0\u00a0\u00a0\u00a0\u00a0\u00a0\u00a0\u00a0\u00a0\u00a0\u00a0 <\/strong><\/li>\n<\/ol>\n<p>MOT-MTT Kongresszus illetve a MESZK kongresszus el\u0151ad\u00e1sok\u00a0\u00a0\u00a0\u00a0\u00a0\u00a0\u00a0\u00a0\u00a0\u00a0\u00a0\u00a0\u00a0\u00a0\u00a0\u00a0\u00a0\u00a0\u00a0\u00a0\u00a0\u00a0\u00a0\u00a0\u00a0\u00a0\u00a0\u00a0 \u00a0\u00a0\u00a0\u00a0\u00a0<\/p>\n<ol>\n<li>Bajk\u00e1n Tivadar : Rehabilit\u00e1ci\u00f3s programban r\u00e9szes\u00fcl\u0151 dekompressz\u00edv craniectomi\u00e1n \u00e1tesett beteg rehabilit\u00e1ci\u00f3ja\u00a0\u00a0\u00a0<\/li>\n<li>Frey Erika: Az agys\u00e9r\u00fcltek speci\u00e1lis \u00e1pol\u00e1sa a rehabilit\u00e1ci\u00f3ban<\/li>\n<li>\u00c1cs J\u00f3zsefn\u00e9: Korszer\u0171 lehet\u0151s\u00e9gek a fizioter\u00e1pi\u00e1ban. Komplex kombin\u00e1lt elektroter\u00e1pia<\/li>\n<li>Kuzm\u00e1nyi \u00c9va: Kr\u00f3nikus oszt\u00e1ly a XXI sz\u00e1zadban<\/li>\n<li>Kuzm\u00e1nyi J\u00e1nos: MRK fert\u0151z\u00f6tt beteg rehabilit\u00e1ci\u00f3s neh\u00e9zs\u00e9gei<\/li>\n<li>Kudron Emese Eszter: Korszer\u0171 dietetikai szeml\u00e9let a mellkasseb\u00e9szetben<\/li>\n<li>Dr. V\u00e9n Ildik\u00f3, Nemes L\u00e1szl\u00f3: Egyed\u00fcl nem megy &#8211; avagy, az interdiszciplin\u00e1ris kommunik\u00e1ci\u00f3 jelent\u0151s\u00e9ge a posttraum\u00e1s rehabilit\u00e1ci\u00f3ban<\/li>\n<li>Dr. Markotics Attila Farkas-Kocsis Zita, Farkas Eszter: Ments\u00fck, ami menthet\u0151 \u2013 v\u00e9gtagment\u00e9s sor\u00e1n szerzett tapasztalataink 2015-2017 k\u00f6z\u00f6tt<\/li>\n<li>Nemes L\u00e1szl\u00f3, Urb\u00e1n Andrea, Dr. V\u00e9n Ildik\u00f3: A mozg\u00e1ster\u00e1pia tervez\u00e9s\u00e9nek szempontjai a korai posttraum\u00e1s rehabilit\u00e1ci\u00f3ban<\/li>\n<\/ol>\n<p>&nbsp;<\/p>\n<ol start=\"2018\">\n<li><strong> j\u00fanius 20. <span style=\"color: #3366ff\">szerda<\/span> \u00dcl\u00e9seln\u00f6k:Dr. Ken\u00e9z J\u00falia<\/strong><\/li>\n<\/ol>\n<p>MOT-MTT Kongresszus illetve a MESZK kongresszus el\u0151ad\u00e1sok<\/p>\n<ol>\n<li>Gr\u00f3f Kinga, B\u00f3di Mariann , Embern\u00e9 Heitler Andrea : \u00c1pol\u00e1si igazgat\u00f3 kih\u00edv\u00e1sai hum\u00e1ner\u0151forr\u00e1s probl\u00e9m\u00e1k megold\u00e1s\u00e1ban<\/li>\n<li>B\u00f3di Mariann , Gr\u00f3f Kinga\u00a0 Embern\u00e9 Heitler Andrea: \u00c1pol\u00e1si vizitek elemz\u00e9se, tanuls\u00e1gok<\/li>\n<li>Embern\u00e9 Heitler Andrea\u00a0 Gr\u00f3f Kinga , B\u00f3di Mariann: \u00daj bel\u00e9p\u0151 dolgoz\u00f3k oktat\u00e1sa int\u00e9zm\u00e9ny\u00fcnkben<\/li>\n<li>Gy\u0151r Dzsenifer\u00a0 Jazbincsek Anna\u00a0 Dr. Fejes Andr\u00e1s: \u00c9letkori saj\u00e1toss\u00e1gok egy id\u0151s tetrapl\u00e9g s\u00e9r\u00fclt szemsz\u00f6g\u00e9b\u0151l<\/li>\n<li>Szany\u00f3 Zsuzsanna, Veress M\u00f3nika : Szerepek \u00e9s kompetenci\u00e1k a gerincvel\u0151s\u00e9r\u00fcltek korai rehabilit\u00e1ci\u00f3j\u00e1ban<\/li>\n<li>Szab\u00f3 D\u00e1vid, Nemes L\u00e1szl\u00f3: S\u00falyos, szimmetrikus, fels\u0151 v\u00e9gtagi par\u00e9zis politraumatiz\u00e1lt p\u00e1ciens eset\u00e9ben, ell\u00e1t\u00e1si \u00e9s rehabilit\u00e1ci\u00f3s strat\u00e9gi\u00e1k<\/li>\n<li>Dr. K\u00e1das Istv\u00e1n, Dr. Szlov\u00e1k S\u00e1ndor, Dr. B\u00f6lcsh\u00e1zy Zolt\u00e1n, Kiss Eszter: Fels\u0151 \u00e9s als\u00f3 ugr\u00f3\u00edz\u00fcleti arthrodesisek az OORI Ortop\u00e9diai Oszt\u00e1ly\u00e1n<\/li>\n<li>Kiss Eszter,Dr. Szlov\u00e1k S\u00e1ndor,Dr. K\u00e1das Istv\u00e1n PhD.,Dr. B\u00f6lcsh\u00e1zy Zolt\u00e1n, Dr. Hampel Ferenc, Dr. Vas Roland: Az \u00edz\u00fcletek \u00e9s az inak poz\u00edcion\u00e1l\u00e1sa fels\u0151 v\u00e9gtagi \u00edntranszferek, \u00ednhosszabb\u00edt\u00e1sok sor\u00e1n<\/li>\n<li>Dr. Szlov\u00e1k S\u00e1ndor, Kiss Eszter, Dr. K\u00e1das Istv\u00e1n PhD, Dr. B\u00f6lcsh\u00e1zy Zolt\u00e1n, Dr. Hampel Ferenc, Dr. Vas Roland: Ulnocarpalis \u00fctk\u00f6z\u00e9si szindr\u00f3ma kezel\u00e9s\u00e9nek algoritmusa \u00e9s DRUJ instabilit\u00e1ssal egy\u00fctt j\u00e1r\u00f3 eset\u00e9nek megold\u00e1sa<\/li>\n<li>Dr. B\u00f6lcsh\u00e1zy Zolt\u00e1n, Dr. Szlov\u00e1k S\u00e1ndor, Dr. Boldis M\u00e1rta, Dr. K\u00e1das Istv\u00e1n PhD.,Dr. Hampel Ferenc, Dr. Vas Roland<strong> : <\/strong>Combamput\u00e1lt beteg t\u00e9rdprotetikai szempontjai<\/li>\n<\/ol>\n","protected":false},"excerpt":{"rendered":"<p>j\u00fanius 6. szerda, \u00dcl\u00e9seln\u00f6k: Dr .D\u00e9nes Zolt\u00e1n Dr. Zsiga Katalin PhD. disszert\u00e1ci\u00f3j\u00e1nak nyilv\u00e1nos vit\u00e1ja: Id\u0151seket saj\u00e1t otthonukban t\u00e1mogat\u00f3 szervizrobot fejleszt\u00e9se \u00e9s terepvizsg\u00e1lata &nbsp; j\u00fanius 18. h\u00e9tf\u0151, \u00a0\u00dcl\u00e9seln\u00f6k: Dr. \u00a0D\u00e9nes Zolt\u00e1n Dr. P\u00e9ter Orsolya PhD. disszert\u00e1ci\u00f3j\u00e1nak nyilv\u00e1nos vit\u00e1ja:\u00a0\u00a0\u00a0\u00a0\u00a0\u00a0\u00a0\u00a0\u00a0\u00a0\u00a0\u00a0\u00a0\u00a0\u00a0\u00a0\u00a0\u00a0\u00a0\u00a0\u00a0\u00a0\u00a0\u00a0\u00a0\u00a0\u00a0\u00a0\u00a0\u00a0\u00a0\u00a0\u00a0\u00a0\u00a0\u00a0\u00a0\u00a0\u00a0\u00a0\u00a0\u00a0\u00a0\u00a0\u00a0\u00a0\u00a0\u00a0\u00a0\u00a0\u00a0\u00a0\u00a0\u00a0\u00a0\u00a0\u00a0\u00a0 Robot \u00e1ltal t\u00e1mogatott ter\u00e1pia hat\u00e1soss\u00e1g\u00e1nak vizsg\u00e1lata stroke-on \u00e1tesett betegek fels\u0151 v\u00e9gtagi funkci\u00f3j\u00e1nak jav\u00edt\u00e1s\u00e1ra &nbsp; j\u00fanius 19. kedd, \u00a0\u00dcl\u00e9seln\u00f6k: &hellip;<\/p>\n","protected":false},"author":299,"featured_media":0,"comment_status":"closed","ping_status":"closed","sticky":false,"template":"","format":"standard","meta":{"_acf_changed":false,"footnotes":""},"categories":[5],"tags":[],"class_list":["post-527","post","type-post","status-publish","format-standard","hentry","category-referalo-ulesek"],"acf":[],"_links":{"self":[{"href":"https:\/\/semmelweis.hu\/rehab\/wp-json\/wp\/v2\/posts\/527","targetHints":{"allow":["GET"]}}],"collection":[{"href":"https:\/\/semmelweis.hu\/rehab\/wp-json\/wp\/v2\/posts"}],"about":[{"href":"https:\/\/semmelweis.hu\/rehab\/wp-json\/wp\/v2\/types\/post"}],"author":[{"embeddable":true,"href":"https:\/\/semmelweis.hu\/rehab\/wp-json\/wp\/v2\/users\/299"}],"replies":[{"embeddable":true,"href":"https:\/\/semmelweis.hu\/rehab\/wp-json\/wp\/v2\/comments?post=527"}],"version-history":[{"count":4,"href":"https:\/\/semmelweis.hu\/rehab\/wp-json\/wp\/v2\/posts\/527\/revisions"}],"predecessor-version":[{"id":533,"href":"https:\/\/semmelweis.hu\/rehab\/wp-json\/wp\/v2\/posts\/527\/revisions\/533"}],"wp:attachment":[{"href":"https:\/\/semmelweis.hu\/rehab\/wp-json\/wp\/v2\/media?parent=527"}],"wp:term":[{"taxonomy":"category","embeddable":true,"href":"https:\/\/semmelweis.hu\/rehab\/wp-json\/wp\/v2\/categories?post=527"},{"taxonomy":"post_tag","embeddable":true,"href":"https:\/\/semmelweis.hu\/rehab\/wp-json\/wp\/v2\/tags?post=527"}],"curies":[{"name":"wp","href":"https:\/\/api.w.org\/{rel}","templated":true}]}}