{"id":521,"date":"2018-05-17T08:48:08","date_gmt":"2018-05-17T06:48:08","guid":{"rendered":"http:\/\/semmelweis.hu\/rehab\/?page_id=521"},"modified":"2019-09-03T15:16:08","modified_gmt":"2019-09-03T13:16:08","slug":"2018-majus-22","status":"publish","type":"post","link":"https:\/\/semmelweis.hu\/rehab\/2018\/05\/17\/2018-majus-22\/","title":{"rendered":"2018. m\u00e1jus 22."},"content":{"rendered":"<p><strong>\u00dcl\u00e9seln\u00f6k: Dr. Fazekas G\u00e1bor <\/strong><\/p>\n<p>Besz\u00e1mol\u00f3 az AUDI projektr\u0151l \u2013 TDK \u00e9s FiFo el\u0151ad\u00e1sok<\/p>\n<ol>\n<li>Dr. Hampel Katalin, Dr. Nagy Helga, Nemes L\u00e1szl\u00f3, Dr. R\u00e9vay Edit, Sz\u00e1nt\u00f3 Krisztina: Mozg\u00e1sszervi sz\u0171r\u0151 \u00e9s prevenci\u00f3s program az Audi Hungaria Zrt. sz\u00e1m\u00e1ra<\/li>\n<li>TDK el\u0151ad\u00e1s F\u00f6ldi J\u00falia: A motoros plaszticit\u00e1s \u00e9s a funkcion\u00e1lis \u00e1llapot \u00f6sszef\u00fcgg\u00e9se stroke ut\u00e1n<\/li>\n<li>FIFO el\u0151ad\u00e1sok:<\/li>\n<\/ol>\n<ul>\n<li>Kriv\u00e1n Berta, Hargitai D\u00f3ra: Poly-\u00e9s monotraumatiz\u00e1lt amput\u00e1ltak ell\u00e1t\u00e1s\u00e1nak \u00f6sszehasonl\u00edt\u00e1sa<\/li>\n<li>Hargitai D\u00f3ra, Kriv\u00e1n Berta: A traum\u00e1s t\u00e9rds\u00e9r\u00fcltek immobiliz\u00e1ci\u00f3 okozta sz\u00f6v\u0151dm\u00e9nyeinek kezel\u00e9se a rehabilit\u00e1ci\u00f3ban.<\/li>\n<li>Kov\u00e1cs Regina, D\u00f3czi G\u00e1bor: Xbox 360 Kinect haszn\u00e1lata egy s\u00falyos agys\u00e9r\u00fclt beteg rehabilit\u00e1ci\u00f3j\u00e1ban<\/li>\n<\/ul>\n","protected":false},"excerpt":{"rendered":"<p>\u00dcl\u00e9seln\u00f6k: Dr. Fazekas G\u00e1bor Besz\u00e1mol\u00f3 az AUDI projektr\u0151l \u2013 TDK \u00e9s FiFo el\u0151ad\u00e1sok Dr. Hampel Katalin, Dr. Nagy Helga, Nemes L\u00e1szl\u00f3, Dr. R\u00e9vay Edit, Sz\u00e1nt\u00f3 Krisztina: Mozg\u00e1sszervi sz\u0171r\u0151 \u00e9s prevenci\u00f3s program az Audi Hungaria Zrt. sz\u00e1m\u00e1ra TDK el\u0151ad\u00e1s F\u00f6ldi J\u00falia: A motoros plaszticit\u00e1s \u00e9s a funkcion\u00e1lis \u00e1llapot \u00f6sszef\u00fcgg\u00e9se stroke ut\u00e1n FIFO el\u0151ad\u00e1sok: Kriv\u00e1n Berta, Hargitai &hellip;<\/p>\n","protected":false},"author":299,"featured_media":0,"comment_status":"closed","ping_status":"closed","sticky":false,"template":"","format":"standard","meta":{"_acf_changed":false,"footnotes":""},"categories":[5],"tags":[],"class_list":["post-521","post","type-post","status-publish","format-standard","hentry","category-referalo-ulesek"],"acf":[],"_links":{"self":[{"href":"https:\/\/semmelweis.hu\/rehab\/wp-json\/wp\/v2\/posts\/521","targetHints":{"allow":["GET"]}}],"collection":[{"href":"https:\/\/semmelweis.hu\/rehab\/wp-json\/wp\/v2\/posts"}],"about":[{"href":"https:\/\/semmelweis.hu\/rehab\/wp-json\/wp\/v2\/types\/post"}],"author":[{"embeddable":true,"href":"https:\/\/semmelweis.hu\/rehab\/wp-json\/wp\/v2\/users\/299"}],"replies":[{"embeddable":true,"href":"https:\/\/semmelweis.hu\/rehab\/wp-json\/wp\/v2\/comments?post=521"}],"version-history":[{"count":1,"href":"https:\/\/semmelweis.hu\/rehab\/wp-json\/wp\/v2\/posts\/521\/revisions"}],"predecessor-version":[{"id":522,"href":"https:\/\/semmelweis.hu\/rehab\/wp-json\/wp\/v2\/posts\/521\/revisions\/522"}],"wp:attachment":[{"href":"https:\/\/semmelweis.hu\/rehab\/wp-json\/wp\/v2\/media?parent=521"}],"wp:term":[{"taxonomy":"category","embeddable":true,"href":"https:\/\/semmelweis.hu\/rehab\/wp-json\/wp\/v2\/categories?post=521"},{"taxonomy":"post_tag","embeddable":true,"href":"https:\/\/semmelweis.hu\/rehab\/wp-json\/wp\/v2\/tags?post=521"}],"curies":[{"name":"wp","href":"https:\/\/api.w.org\/{rel}","templated":true}]}}