{"id":517,"date":"2018-04-09T14:23:36","date_gmt":"2018-04-09T12:23:36","guid":{"rendered":"http:\/\/semmelweis.hu\/rehab\/?page_id=517"},"modified":"2019-09-03T15:16:08","modified_gmt":"2019-09-03T13:16:08","slug":"2018-aprilis-17-i-program","status":"publish","type":"post","link":"https:\/\/semmelweis.hu\/rehab\/2018\/04\/09\/2018-aprilis-17-i-program\/","title":{"rendered":"2018. \u00e1prilis 17-i program"},"content":{"rendered":"<p><strong>\u00dcl\u00e9seln\u00f6k: Dr. Boros Erzs\u00e9bet<\/strong><\/p>\n<p><strong>\u00a0<\/strong><\/p>\n<ol>\n<li>Nagy B\u00e9la, Szab\u00f3 Rita, P\u00e9ter L\u00edvia, Dr. Petrovicz Edina, Dr. Farkas P\u00e9ter: MRK \u00e9s CDI fert\u0151z\u00e9sek sz\u00e1m\u00e1nak alakul\u00e1sa Int\u00e9zet\u00fcnkben. A 2017. \u00e9vi \u201ePont-prevalencia vizsg\u00e1lat\u201d eredm\u00e9nyei<\/li>\n<li>Dr. Petrovicz Edina: Az infektol\u00f3gus gyakorlati tapasztalatai \u00e9s \u00e9szrev\u00e9telei\u00a0<\/li>\n<li>2017. \u00e9vi laborat\u00f3riumi vizsg\u00e1latok elemz\u00e9s\u00e9nek tapasztalatai \u2013 Dr. Boros Erzs\u00e9bet\u00a0<\/li>\n<li>K\u00f3rlap audit\n<p><span style=\"font-family: 'Times New Roman','serif';font-size: 12pt\"><span style=\"color: #000000\">Finansz\u00edroz\u00e1si szempontok &#8211; N\u00e9meth Judit<\/span><\/span><\/p>\n<p><span style=\"font-family: 'Times New Roman','serif';font-size: 12pt\"><span style=\"color: #000000\">\u00c1pol\u00e1si szempontok \u2013 Heitler Andrea<\/span><\/span><\/p>\n<p><span style=\"font-family: 'Times New Roman','serif';font-size: 12pt\"><span style=\"color: #000000\">Orvos szakmai szempontok \u2013 Dr. Sz\u00f6gi Be\u00e1ta, Dr. Tarj\u00e1nyi Szilvia, Dr. Vass Ildik\u00f3<\/span><\/span><\/p>\n<p><span style=\"font-family: 'Times New Roman','serif';font-size: 12pt\"><span style=\"color: #000000\">Laborvizsg\u00e1latok \u2013Dr. Boros Erzs\u00e9bet<\/span><\/span><\/p>\n<\/li>\n<li>Hal\u00e1loz\u00e1si audit<\/li>\n<\/ol>\n","protected":false},"excerpt":{"rendered":"<p>\u00dcl\u00e9seln\u00f6k: Dr. Boros Erzs\u00e9bet \u00a0 Nagy B\u00e9la, Szab\u00f3 Rita, P\u00e9ter L\u00edvia, Dr. Petrovicz Edina, Dr. Farkas P\u00e9ter: MRK \u00e9s CDI fert\u0151z\u00e9sek sz\u00e1m\u00e1nak alakul\u00e1sa Int\u00e9zet\u00fcnkben. A 2017. \u00e9vi \u201ePont-prevalencia vizsg\u00e1lat\u201d eredm\u00e9nyei Dr. Petrovicz Edina: Az infektol\u00f3gus gyakorlati tapasztalatai \u00e9s \u00e9szrev\u00e9telei\u00a0 2017. \u00e9vi laborat\u00f3riumi vizsg\u00e1latok elemz\u00e9s\u00e9nek tapasztalatai \u2013 Dr. Boros Erzs\u00e9bet\u00a0 K\u00f3rlap audit Finansz\u00edroz\u00e1si szempontok &#8211; N\u00e9meth &hellip;<\/p>\n","protected":false},"author":299,"featured_media":0,"comment_status":"closed","ping_status":"closed","sticky":false,"template":"","format":"standard","meta":{"_acf_changed":false,"footnotes":""},"categories":[5],"tags":[],"class_list":["post-517","post","type-post","status-publish","format-standard","hentry","category-referalo-ulesek"],"acf":[],"_links":{"self":[{"href":"https:\/\/semmelweis.hu\/rehab\/wp-json\/wp\/v2\/posts\/517","targetHints":{"allow":["GET"]}}],"collection":[{"href":"https:\/\/semmelweis.hu\/rehab\/wp-json\/wp\/v2\/posts"}],"about":[{"href":"https:\/\/semmelweis.hu\/rehab\/wp-json\/wp\/v2\/types\/post"}],"author":[{"embeddable":true,"href":"https:\/\/semmelweis.hu\/rehab\/wp-json\/wp\/v2\/users\/299"}],"replies":[{"embeddable":true,"href":"https:\/\/semmelweis.hu\/rehab\/wp-json\/wp\/v2\/comments?post=517"}],"version-history":[{"count":1,"href":"https:\/\/semmelweis.hu\/rehab\/wp-json\/wp\/v2\/posts\/517\/revisions"}],"predecessor-version":[{"id":518,"href":"https:\/\/semmelweis.hu\/rehab\/wp-json\/wp\/v2\/posts\/517\/revisions\/518"}],"wp:attachment":[{"href":"https:\/\/semmelweis.hu\/rehab\/wp-json\/wp\/v2\/media?parent=517"}],"wp:term":[{"taxonomy":"category","embeddable":true,"href":"https:\/\/semmelweis.hu\/rehab\/wp-json\/wp\/v2\/categories?post=517"},{"taxonomy":"post_tag","embeddable":true,"href":"https:\/\/semmelweis.hu\/rehab\/wp-json\/wp\/v2\/tags?post=517"}],"curies":[{"name":"wp","href":"https:\/\/api.w.org\/{rel}","templated":true}]}}