{"id":513,"date":"2018-02-23T13:22:55","date_gmt":"2018-02-23T12:22:55","guid":{"rendered":"http:\/\/semmelweis.hu\/rehab\/?page_id=513"},"modified":"2019-09-03T15:16:08","modified_gmt":"2019-09-03T13:16:08","slug":"2018-marcius-6-i-program","status":"publish","type":"post","link":"https:\/\/semmelweis.hu\/rehab\/2018\/02\/23\/2018-marcius-6-i-program\/","title":{"rendered":"2018. m\u00e1rcius 6-i program"},"content":{"rendered":"<p><strong>\u00dcl\u00e9seln\u00f6k: <\/strong>Dr. Sz\u0151dy R\u00f3bert, Dr. Boros Erzs\u00e9bet<\/p>\n<p><strong>T\u00e9ma: <\/strong>Optimaliz\u00e1lt perioperat\u00edv ell\u00e1t\u00e1s \u00e9s a korai funkcion\u00e1lis kezel\u00e9s ortop\u00e9d-traumatol\u00f3giai \u00e9s rehabilit\u00e1ci\u00f3s vonatkoz\u00e1sai<\/p>\n<ul>\n<li>Optimaliz\u00e1lt perioperat\u00edv ell\u00e1t\u00e1s minim\u00e1l invaz\u00edv anterior felt\u00e1r\u00e1s sor\u00e1n: Dr. Szab\u00f3 Istv\u00e1n \u2013 15p<\/li>\n<li>A posztoperat\u00edv korai funkcion\u00e1lis kezel\u00e9s jelent\u0151s\u00e9ge a mozg\u00e1sszervi seb\u00e9szetben:\u00a0Dr. Sz\u0151dy R\u00f3bert, Baracsi Melinda\u00a0 (P\u00e9terfy Kh. Baleseti Seb\u00e9szeti K\u00f6zpont) \u2013 15p<\/li>\n<li>A posztoperat\u00edv korai funkcion\u00e1lis\u00a0 kezel\u00e9s jelent\u0151s\u00e9ge a traumatol\u00f3gi\u00e1ban, k\u00fcl\u00f6n\u00f6s tekintettel a cs\u00edp\u0151t\u00e1ji t\u00f6r\u00e9sekre: Dr. Fl\u00f3ris Istv\u00e1n, T\u00f3th Krisztina (P\u00e9terfy Kh. Baleseti Seb\u00e9szeti K\u00f6zpont) \u2013 15p<\/li>\n<li>A korai funkcion\u00e1lis kezel\u00e9s jelent\u0151s\u00e9ge korrekci\u00f3s osteotomi\u00e1k, v\u00e9gtagkorrekci\u00f3k kezel\u00e9s\u00e9ben: Dr. K\u00e1das Istv\u00e1n\u00a0 (OORI) \u2013 15p<\/li>\n<li>A betegell\u00e1t\u00e1s folytonoss\u00e1ga az akt\u00edv \u00e9s rehabilit\u00e1ci\u00f3s szakaszban: Dr. Cserh\u00e1ti P\u00e9ter (OORI) \u2013 15p<\/li>\n<li>Rehabilit\u00e1ci\u00f3s szempontok \u00e9s tapasztalatok az akt\u00edv ell\u00e1t\u00e1s sor\u00e1n v\u00e9gzett korai funkcion\u00e1lis kezel\u00e9s \u00e9s minimal invaz\u00edv felt\u00e1r\u00e1ssal v\u00e9gzett cs\u00edp\u0151prot\u00e9zis be\u00fcltet\u00e9sek ut\u00e1n: Dr. Boros Erzs\u00e9bet, Dr. V\u00e9n Ildik\u00f3 \u2013 15p<\/li>\n<\/ul>\n","protected":false},"excerpt":{"rendered":"<p>\u00dcl\u00e9seln\u00f6k: Dr. Sz\u0151dy R\u00f3bert, Dr. Boros Erzs\u00e9bet T\u00e9ma: Optimaliz\u00e1lt perioperat\u00edv ell\u00e1t\u00e1s \u00e9s a korai funkcion\u00e1lis kezel\u00e9s ortop\u00e9d-traumatol\u00f3giai \u00e9s rehabilit\u00e1ci\u00f3s vonatkoz\u00e1sai Optimaliz\u00e1lt perioperat\u00edv ell\u00e1t\u00e1s minim\u00e1l invaz\u00edv anterior felt\u00e1r\u00e1s sor\u00e1n: Dr. Szab\u00f3 Istv\u00e1n \u2013 15p A posztoperat\u00edv korai funkcion\u00e1lis kezel\u00e9s jelent\u0151s\u00e9ge a mozg\u00e1sszervi seb\u00e9szetben:\u00a0Dr. Sz\u0151dy R\u00f3bert, Baracsi Melinda\u00a0 (P\u00e9terfy Kh. Baleseti Seb\u00e9szeti K\u00f6zpont) \u2013 15p A posztoperat\u00edv &hellip;<\/p>\n","protected":false},"author":299,"featured_media":0,"comment_status":"closed","ping_status":"closed","sticky":false,"template":"","format":"standard","meta":{"_acf_changed":false,"footnotes":""},"categories":[5],"tags":[],"class_list":["post-513","post","type-post","status-publish","format-standard","hentry","category-referalo-ulesek"],"acf":[],"_links":{"self":[{"href":"https:\/\/semmelweis.hu\/rehab\/wp-json\/wp\/v2\/posts\/513","targetHints":{"allow":["GET"]}}],"collection":[{"href":"https:\/\/semmelweis.hu\/rehab\/wp-json\/wp\/v2\/posts"}],"about":[{"href":"https:\/\/semmelweis.hu\/rehab\/wp-json\/wp\/v2\/types\/post"}],"author":[{"embeddable":true,"href":"https:\/\/semmelweis.hu\/rehab\/wp-json\/wp\/v2\/users\/299"}],"replies":[{"embeddable":true,"href":"https:\/\/semmelweis.hu\/rehab\/wp-json\/wp\/v2\/comments?post=513"}],"version-history":[{"count":1,"href":"https:\/\/semmelweis.hu\/rehab\/wp-json\/wp\/v2\/posts\/513\/revisions"}],"predecessor-version":[{"id":514,"href":"https:\/\/semmelweis.hu\/rehab\/wp-json\/wp\/v2\/posts\/513\/revisions\/514"}],"wp:attachment":[{"href":"https:\/\/semmelweis.hu\/rehab\/wp-json\/wp\/v2\/media?parent=513"}],"wp:term":[{"taxonomy":"category","embeddable":true,"href":"https:\/\/semmelweis.hu\/rehab\/wp-json\/wp\/v2\/categories?post=513"},{"taxonomy":"post_tag","embeddable":true,"href":"https:\/\/semmelweis.hu\/rehab\/wp-json\/wp\/v2\/tags?post=513"}],"curies":[{"name":"wp","href":"https:\/\/api.w.org\/{rel}","templated":true}]}}