{"id":501,"date":"2018-01-25T14:57:56","date_gmt":"2018-01-25T13:57:56","guid":{"rendered":"http:\/\/semmelweis.hu\/rehab\/?page_id=501"},"modified":"2019-09-03T15:16:08","modified_gmt":"2019-09-03T13:16:08","slug":"2018-januar-30","status":"publish","type":"post","link":"https:\/\/semmelweis.hu\/rehab\/2018\/01\/25\/2018-januar-30\/","title":{"rendered":"2018. janu\u00e1r 30."},"content":{"rendered":"<ol start=\"2018\">\n<li><strong> janu\u00e1r 30.<\/strong><\/li>\n<\/ol>\n<p><strong>\u00dcl\u00e9seln\u00f6k: Dr. \u00a0Klauber Andr\u00e1s<\/strong><\/p>\n<p>&nbsp;<\/p>\n<p>A Magyar Paralimpiai Bizotts\u00e1g (MPB) bemutatkoz\u00e1sa<\/p>\n<ol>\n<li>Dr. Klauber Andr\u00e1s: K\u00f6sz\u00f6nt\u0151<\/li>\n<li>Dr. Cserh\u00e1ti P\u00e9ter: MPB \u00e9s az OORI egy\u00fcttm\u0171k\u00f6d\u00e9si meg\u00e1llapod\u00e1s\u00e1nak ismertet\u00e9se<\/li>\n<li>Szab\u00f3 L\u00e1szl\u00f3 MPB eln\u00f6k: A magyarorsz\u00e1gi parasport helyzete<\/li>\n<li>Dr. Bejek Zolt\u00e1n, az MPB Sporteg\u00e9szs\u00e9g\u00fcgyi, Sporttudom\u00e1nyi \u00e9s Doppingellenes Bizotts\u00e1g eln\u00f6ke: A parasport specifikuma: a klasszifik\u00e1ci\u00f3<\/li>\n<li>Sz\u00e1nt\u00f3 Krisztina: A sportter\u00e1pia szerepe a s\u00e9r\u00fcltek int\u00e9zeti ell\u00e1t\u00e1s\u00e1ban<\/li>\n<li>Varga Katalin paralimpikon: Mit ad nekem a sport?<\/li>\n<\/ol>\n","protected":false},"excerpt":{"rendered":"<p>janu\u00e1r 30. \u00dcl\u00e9seln\u00f6k: Dr. \u00a0Klauber Andr\u00e1s &nbsp; A Magyar Paralimpiai Bizotts\u00e1g (MPB) bemutatkoz\u00e1sa Dr. Klauber Andr\u00e1s: K\u00f6sz\u00f6nt\u0151 Dr. Cserh\u00e1ti P\u00e9ter: MPB \u00e9s az OORI egy\u00fcttm\u0171k\u00f6d\u00e9si meg\u00e1llapod\u00e1s\u00e1nak ismertet\u00e9se Szab\u00f3 L\u00e1szl\u00f3 MPB eln\u00f6k: A magyarorsz\u00e1gi parasport helyzete Dr. Bejek Zolt\u00e1n, az MPB Sporteg\u00e9szs\u00e9g\u00fcgyi, Sporttudom\u00e1nyi \u00e9s Doppingellenes Bizotts\u00e1g eln\u00f6ke: A parasport specifikuma: a klasszifik\u00e1ci\u00f3 Sz\u00e1nt\u00f3 Krisztina: A sportter\u00e1pia &hellip;<\/p>\n","protected":false},"author":299,"featured_media":0,"comment_status":"closed","ping_status":"closed","sticky":false,"template":"","format":"standard","meta":{"_acf_changed":false,"footnotes":""},"categories":[5],"tags":[],"class_list":["post-501","post","type-post","status-publish","format-standard","hentry","category-referalo-ulesek"],"acf":[],"_links":{"self":[{"href":"https:\/\/semmelweis.hu\/rehab\/wp-json\/wp\/v2\/posts\/501","targetHints":{"allow":["GET"]}}],"collection":[{"href":"https:\/\/semmelweis.hu\/rehab\/wp-json\/wp\/v2\/posts"}],"about":[{"href":"https:\/\/semmelweis.hu\/rehab\/wp-json\/wp\/v2\/types\/post"}],"author":[{"embeddable":true,"href":"https:\/\/semmelweis.hu\/rehab\/wp-json\/wp\/v2\/users\/299"}],"replies":[{"embeddable":true,"href":"https:\/\/semmelweis.hu\/rehab\/wp-json\/wp\/v2\/comments?post=501"}],"version-history":[{"count":1,"href":"https:\/\/semmelweis.hu\/rehab\/wp-json\/wp\/v2\/posts\/501\/revisions"}],"predecessor-version":[{"id":502,"href":"https:\/\/semmelweis.hu\/rehab\/wp-json\/wp\/v2\/posts\/501\/revisions\/502"}],"wp:attachment":[{"href":"https:\/\/semmelweis.hu\/rehab\/wp-json\/wp\/v2\/media?parent=501"}],"wp:term":[{"taxonomy":"category","embeddable":true,"href":"https:\/\/semmelweis.hu\/rehab\/wp-json\/wp\/v2\/categories?post=501"},{"taxonomy":"post_tag","embeddable":true,"href":"https:\/\/semmelweis.hu\/rehab\/wp-json\/wp\/v2\/tags?post=501"}],"curies":[{"name":"wp","href":"https:\/\/api.w.org\/{rel}","templated":true}]}}