{"id":498,"date":"2018-01-25T14:56:48","date_gmt":"2018-01-25T13:56:48","guid":{"rendered":"http:\/\/semmelweis.hu\/rehab\/?page_id=498"},"modified":"2019-09-03T15:16:08","modified_gmt":"2019-09-03T13:16:08","slug":"2018-januar-16","status":"publish","type":"post","link":"https:\/\/semmelweis.hu\/rehab\/2018\/01\/25\/2018-januar-16\/","title":{"rendered":"2018. janu\u00e1r 16."},"content":{"rendered":"<p><strong>2018.janu\u00e1r 16<\/strong><\/p>\n<p><strong>\u00dcl\u00e9seln\u00f6k: Dr. Cserh\u00e1ti P\u00e9ter<\/strong><\/p>\n<p>&nbsp;<\/p>\n<p>Bemutatkozik a Budai Eg\u00e9szs\u00e9g K\u00f6zpont<\/p>\n<ol>\n<li>Varga P\u00e9ter P\u00e1l\u00a0:\u00a0Modern gerincgy\u00f3gy\u00e1szat, OGK strukt\u00far\u00e1ja<\/li>\n<li>Sz\u00f6ll\u0151si Bal\u00e1zs :\u00a0Nyaki gerinc degenerat\u00edv megbeteged\u00e9seinek m\u0171t\u00e9ti kezel\u00e9se<\/li>\n<li>Sz\u0151v\u00e9rfi Zsolt \u00a0:\u00a0 Csigolyametaszt\u00e1zisok modern ter\u00e1pi\u00e1ja<\/li>\n<li>R\u00f3nai M\u00e1rton :\u00a0\u00a0 Degenerat\u00edv \u00a0gerincdeformit\u00e1sok m\u0171t\u00e9ti kezel\u00e9se<\/li>\n<li>Jakab G\u00e1bor\u00a0\u00a0\u00a0 :\u00a0\u00a0Minimal invaz\u00edv elj\u00e1r\u00e1sok id\u0151skori gerincbetegs\u00e9gekben<\/li>\n<li>Laz\u00e1ry \u00c1ron\u00a0\u00a0\u00a0\u00a0 :\u00a0\u00a0In silico biomechanika a gerincseb\u00e9szetben \u2013 kutat\u00e1sok az OGK-ban<\/li>\n<li>Varga P\u00e9ter P\u00e1l:\u00a0 J\u00f6v\u0151k\u00e9p<\/li>\n<li>Discussio<\/li>\n<\/ol>\n","protected":false},"excerpt":{"rendered":"<p>2018.janu\u00e1r 16 \u00dcl\u00e9seln\u00f6k: Dr. Cserh\u00e1ti P\u00e9ter &nbsp; Bemutatkozik a Budai Eg\u00e9szs\u00e9g K\u00f6zpont Varga P\u00e9ter P\u00e1l\u00a0:\u00a0Modern gerincgy\u00f3gy\u00e1szat, OGK strukt\u00far\u00e1ja Sz\u00f6ll\u0151si Bal\u00e1zs :\u00a0Nyaki gerinc degenerat\u00edv megbeteged\u00e9seinek m\u0171t\u00e9ti kezel\u00e9se Sz\u0151v\u00e9rfi Zsolt \u00a0:\u00a0 Csigolyametaszt\u00e1zisok modern ter\u00e1pi\u00e1ja R\u00f3nai M\u00e1rton :\u00a0\u00a0 Degenerat\u00edv \u00a0gerincdeformit\u00e1sok m\u0171t\u00e9ti kezel\u00e9se Jakab G\u00e1bor\u00a0\u00a0\u00a0 :\u00a0\u00a0Minimal invaz\u00edv elj\u00e1r\u00e1sok id\u0151skori gerincbetegs\u00e9gekben Laz\u00e1ry \u00c1ron\u00a0\u00a0\u00a0\u00a0 :\u00a0\u00a0In silico biomechanika a gerincseb\u00e9szetben \u2013 kutat\u00e1sok &hellip;<\/p>\n","protected":false},"author":299,"featured_media":0,"comment_status":"closed","ping_status":"closed","sticky":false,"template":"","format":"standard","meta":{"_acf_changed":false,"footnotes":""},"categories":[5],"tags":[],"class_list":["post-498","post","type-post","status-publish","format-standard","hentry","category-referalo-ulesek"],"acf":[],"_links":{"self":[{"href":"https:\/\/semmelweis.hu\/rehab\/wp-json\/wp\/v2\/posts\/498","targetHints":{"allow":["GET"]}}],"collection":[{"href":"https:\/\/semmelweis.hu\/rehab\/wp-json\/wp\/v2\/posts"}],"about":[{"href":"https:\/\/semmelweis.hu\/rehab\/wp-json\/wp\/v2\/types\/post"}],"author":[{"embeddable":true,"href":"https:\/\/semmelweis.hu\/rehab\/wp-json\/wp\/v2\/users\/299"}],"replies":[{"embeddable":true,"href":"https:\/\/semmelweis.hu\/rehab\/wp-json\/wp\/v2\/comments?post=498"}],"version-history":[{"count":1,"href":"https:\/\/semmelweis.hu\/rehab\/wp-json\/wp\/v2\/posts\/498\/revisions"}],"predecessor-version":[{"id":499,"href":"https:\/\/semmelweis.hu\/rehab\/wp-json\/wp\/v2\/posts\/498\/revisions\/499"}],"wp:attachment":[{"href":"https:\/\/semmelweis.hu\/rehab\/wp-json\/wp\/v2\/media?parent=498"}],"wp:term":[{"taxonomy":"category","embeddable":true,"href":"https:\/\/semmelweis.hu\/rehab\/wp-json\/wp\/v2\/categories?post=498"},{"taxonomy":"post_tag","embeddable":true,"href":"https:\/\/semmelweis.hu\/rehab\/wp-json\/wp\/v2\/tags?post=498"}],"curies":[{"name":"wp","href":"https:\/\/api.w.org\/{rel}","templated":true}]}}