{"id":495,"date":"2018-01-25T14:55:13","date_gmt":"2018-01-25T13:55:13","guid":{"rendered":"http:\/\/semmelweis.hu\/rehab\/?page_id=495"},"modified":"2019-09-03T15:16:08","modified_gmt":"2019-09-03T13:16:08","slug":"2018-i-felev","status":"publish","type":"post","link":"https:\/\/semmelweis.hu\/rehab\/2018\/01\/25\/2018-i-felev\/","title":{"rendered":"2018. I. f\u00e9l\u00e9v"},"content":{"rendered":"<table>\n<tbody>\n<tr>\n<td>\n<p><strong>ID\u0150PONT<\/strong><\/p>\n<\/td>\n<td>\n<p><strong>T\u00c9MA<\/strong><\/p>\n<\/td>\n<td>\n<p><strong>\u00dcL\u00c9SELN\u00d6K<\/strong><\/p>\n<\/td>\n<td>\n<p><strong>MEGJEGYZ\u00c9S<\/strong><\/p>\n<p><strong>\u00a0<\/strong><\/p>\n<\/td>\n<\/tr>\n<tr>\n<td>\n<p>Janu\u00e1r 16<\/p>\n<\/td>\n<td>\n<p>Bemutatkozik a Budai Eg\u00e9szs\u00e9g K\u00f6zpont<\/p>\n<\/td>\n<td>\n<p>dr Cserh\u00e1ti P\u00e9ter<\/p>\n<p>&nbsp;<\/p>\n<\/td>\n<td>\n<p>&nbsp;<\/p>\n<\/td>\n<\/tr>\n<tr>\n<td>\n<p>Janu\u00e1r 30<\/p>\n<\/td>\n<td>\n<p>Magyar Paralimpiai Bizotts\u00e1g bemutatkoz\u00e1sa<\/p>\n<\/td>\n<td>\n<p>dr Klauber Andr\u00e1s<\/p>\n<p>&nbsp;<\/p>\n<\/td>\n<td>\n<p>Spinner Kft<\/p>\n<\/td>\n<\/tr>\n<tr>\n<td>\n<p>Febru\u00e1r 6.<\/p>\n<p>&nbsp;<\/p>\n<\/td>\n<td>\n<p>Bemutatkoznak az \u00faj oszt\u00e1lyok<\/p>\n<\/td>\n<td>\n<p>Dr Boldis M\u00e1rta<\/p>\n<\/td>\n<td>\n<p>&nbsp;<\/p>\n<p>&nbsp;<\/p>\n<p>&nbsp;<\/p>\n<\/td>\n<\/tr>\n<tr>\n<td>\n<p>Febru\u00e1r 20.<\/p>\n<p>&nbsp;<\/p>\n<\/td>\n<td>\n<p>Ortetika \u00e9s protetika tanfolyam<\/p>\n<\/td>\n<td>\n<p>dr Farkas P\u00e9ter<\/p>\n<\/td>\n<td>\n<p>&nbsp;<\/p>\n<p>&nbsp;<\/p>\n<p>&nbsp;<\/p>\n<\/td>\n<\/tr>\n<tr>\n<td>\n<p>M\u00e1rcius \u00a06.<\/p>\n<\/td>\n<td>\n<p>OBSI-OORI f\u00f3rum<\/p>\n<\/td>\n<td>\n<p>Dr Boros Erzs\u00e9bet<\/p>\n<\/td>\n<td>\n<p>&nbsp;<\/p>\n<p>&nbsp;<\/p>\n<p>&nbsp;<\/p>\n<\/td>\n<\/tr>\n<tr>\n<td>\n<p>\u00c1prilis 17.<\/p>\n<\/td>\n<td>\n<p>Audit-nap , Infekci\u00f3kontroll<\/p>\n<\/td>\n<td>\n<p>Dr Boros Erzs\u00e9bet<\/p>\n<\/td>\n<td>\n<p>&nbsp;<\/p>\n<\/td>\n<\/tr>\n<tr>\n<td>\n<p>M\u00e1jus 15.<\/p>\n<\/td>\n<td>\n<p>100 \u00e9ves az OORI<\/p>\n<\/td>\n<td>\n<p>dr Cserh\u00e1ti P\u00e9ter<\/p>\n<\/td>\n<td>\n<p>&nbsp;<\/p>\n<\/td>\n<\/tr>\n<tr>\n<td>\n<p>M\u00e1jus 22.<\/p>\n<\/td>\n<td>\n<p>Besz\u00e1mol\u00f3 az AUDI projektr\u0151l<\/p>\n<\/td>\n<td>\n<p>dr Fazekas G\u00e1bor<\/p>\n<\/td>\n<td>\n<p>FIFO<\/p>\n<\/td>\n<\/tr>\n<tr>\n<td>\n<p>J\u00fanius 5..<\/p>\n<p>&nbsp;<\/p>\n<\/td>\n<td>\n<p>Tudom\u00e1nyos besz\u00e1mol\u00f3 \u00e9s\u00a0 \u00a0kutat\u00e1si nap<\/p>\n<\/td>\n<td>\n<p>dr D\u00e9nes Zolt\u00e1n<\/p>\n<\/td>\n<td>\n<p>dr Tak\u00e1cs P\u00e9ter \u00a0(Kassa)<\/p>\n<\/td>\n<\/tr>\n<\/tbody>\n<\/table>\n<p>&nbsp;<\/p>\n","protected":false},"excerpt":{"rendered":"<p>ID\u0150PONT T\u00c9MA \u00dcL\u00c9SELN\u00d6K MEGJEGYZ\u00c9S \u00a0 Janu\u00e1r 16 Bemutatkozik a Budai Eg\u00e9szs\u00e9g K\u00f6zpont dr Cserh\u00e1ti P\u00e9ter &nbsp; &nbsp; Janu\u00e1r 30 Magyar Paralimpiai Bizotts\u00e1g bemutatkoz\u00e1sa dr Klauber Andr\u00e1s &nbsp; Spinner Kft Febru\u00e1r 6. &nbsp; Bemutatkoznak az \u00faj oszt\u00e1lyok Dr Boldis M\u00e1rta &nbsp; &nbsp; &nbsp; Febru\u00e1r 20. &nbsp; Ortetika \u00e9s protetika tanfolyam dr Farkas P\u00e9ter &nbsp; &nbsp; &nbsp; &hellip;<\/p>\n","protected":false},"author":299,"featured_media":0,"comment_status":"closed","ping_status":"closed","sticky":false,"template":"","format":"standard","meta":{"_acf_changed":false,"footnotes":""},"categories":[5],"tags":[],"class_list":["post-495","post","type-post","status-publish","format-standard","hentry","category-referalo-ulesek"],"acf":[],"_links":{"self":[{"href":"https:\/\/semmelweis.hu\/rehab\/wp-json\/wp\/v2\/posts\/495","targetHints":{"allow":["GET"]}}],"collection":[{"href":"https:\/\/semmelweis.hu\/rehab\/wp-json\/wp\/v2\/posts"}],"about":[{"href":"https:\/\/semmelweis.hu\/rehab\/wp-json\/wp\/v2\/types\/post"}],"author":[{"embeddable":true,"href":"https:\/\/semmelweis.hu\/rehab\/wp-json\/wp\/v2\/users\/299"}],"replies":[{"embeddable":true,"href":"https:\/\/semmelweis.hu\/rehab\/wp-json\/wp\/v2\/comments?post=495"}],"version-history":[{"count":1,"href":"https:\/\/semmelweis.hu\/rehab\/wp-json\/wp\/v2\/posts\/495\/revisions"}],"predecessor-version":[{"id":496,"href":"https:\/\/semmelweis.hu\/rehab\/wp-json\/wp\/v2\/posts\/495\/revisions\/496"}],"wp:attachment":[{"href":"https:\/\/semmelweis.hu\/rehab\/wp-json\/wp\/v2\/media?parent=495"}],"wp:term":[{"taxonomy":"category","embeddable":true,"href":"https:\/\/semmelweis.hu\/rehab\/wp-json\/wp\/v2\/categories?post=495"},{"taxonomy":"post_tag","embeddable":true,"href":"https:\/\/semmelweis.hu\/rehab\/wp-json\/wp\/v2\/tags?post=495"}],"curies":[{"name":"wp","href":"https:\/\/api.w.org\/{rel}","templated":true}]}}