{"id":489,"date":"2017-11-21T10:41:18","date_gmt":"2017-11-21T09:41:18","guid":{"rendered":"http:\/\/semmelweis.hu\/rehab\/?page_id=489"},"modified":"2019-09-03T15:16:08","modified_gmt":"2019-09-03T13:16:08","slug":"2017-decemberi-program","status":"publish","type":"post","link":"https:\/\/semmelweis.hu\/rehab\/2017\/11\/21\/2017-decemberi-program\/","title":{"rendered":"2017. decemberi program"},"content":{"rendered":"<p><span style=\"font-size: 14pt\"><strong>2017.december 5. Kedd 14.00<\/strong><\/span><\/p>\n<p>&nbsp;<\/p>\n<p><span style=\"font-size: 14pt\"><strong>Az Ortop\u00e9diai Oszt\u00e1ly besz\u00e1mol\u00f3ja<\/strong><\/span><\/p>\n<p><strong><span style=\"font-size: 14pt\">\u00dcl\u00e9seln\u00f6k: Dr. K\u00e1das Istv\u00e1n<\/span> <\/strong><\/p>\n<p>&nbsp;<\/p>\n<p><strong>1.Rehabilit\u00e1ci\u00f3s m\u0171t\u00e9tek az OORI Ortop\u00e9diai Oszt\u00e1ly\u00e1n<\/strong><\/p>\n<p>\u00a0\u00a0 K\u00e1das Istv\u00e1n, Szlov\u00e1k S\u00e1ndor, B\u00f6lcsh\u00e1zy Zolt\u00e1n, Hampel Ferenc, Vas Roland, Kiss Eszter<\/p>\n<p><strong>2.\u00c9rdekes k\u00e9zm\u0171t\u00e9tek az OORI Ortop\u00e9diai Oszt\u00e1ly\u00e1n<\/strong><\/p>\n<p>\u00a0\u00a0 Szlov\u00e1k S\u00e1ndor, Rutek Zsuzsa, Kiss Eszter<\/p>\n<p><strong>3.Metaphysealis cs\u00edp\u0151 prot\u00e9zis<\/strong><\/p>\n<p>\u00a0\u00a0 B\u00f6lcsh\u00e1zy Zolt\u00e1n, K\u00e1das Istv\u00e1n, Szlov\u00e1k S\u00e1ndor, Hampel Ferenc, Vas Roland<\/p>\n<p><strong>4.K\u00e9toldali cs\u00edp\u0151 dysplasia m\u0171t\u00e9ti megold\u00e1sa<\/strong><\/p>\n<p>\u00a0\u00a0 Hampel Ferenc, Sz\u0151dy R\u00f3bert, K\u00e1das Istv\u00e1n<\/p>\n<p><strong>5.Rot\u00e1ci\u00f3s t\u00e9rdprot\u00e9zis imm\u00e1ron cement n\u00e9lk\u00fcl<\/strong><\/p>\n<p>\u00a0\u00a0 Vas Roland, B\u00f6lcsh\u00e1zy Zolt\u00e1n, K\u00e1das Istv\u00e1n, Szlov\u00e1k S\u00e1ndor, Hampel Ferenc<\/p>\n","protected":false},"excerpt":{"rendered":"<p>2017.december 5. Kedd 14.00 &nbsp; Az Ortop\u00e9diai Oszt\u00e1ly besz\u00e1mol\u00f3ja \u00dcl\u00e9seln\u00f6k: Dr. K\u00e1das Istv\u00e1n &nbsp; 1.Rehabilit\u00e1ci\u00f3s m\u0171t\u00e9tek az OORI Ortop\u00e9diai Oszt\u00e1ly\u00e1n \u00a0\u00a0 K\u00e1das Istv\u00e1n, Szlov\u00e1k S\u00e1ndor, B\u00f6lcsh\u00e1zy Zolt\u00e1n, Hampel Ferenc, Vas Roland, Kiss Eszter 2.\u00c9rdekes k\u00e9zm\u0171t\u00e9tek az OORI Ortop\u00e9diai Oszt\u00e1ly\u00e1n \u00a0\u00a0 Szlov\u00e1k S\u00e1ndor, Rutek Zsuzsa, Kiss Eszter 3.Metaphysealis cs\u00edp\u0151 prot\u00e9zis \u00a0\u00a0 B\u00f6lcsh\u00e1zy Zolt\u00e1n, K\u00e1das Istv\u00e1n, Szlov\u00e1k &hellip;<\/p>\n","protected":false},"author":299,"featured_media":0,"comment_status":"closed","ping_status":"closed","sticky":false,"template":"","format":"standard","meta":{"_acf_changed":false,"footnotes":""},"categories":[5],"tags":[],"class_list":["post-489","post","type-post","status-publish","format-standard","hentry","category-referalo-ulesek"],"acf":[],"_links":{"self":[{"href":"https:\/\/semmelweis.hu\/rehab\/wp-json\/wp\/v2\/posts\/489","targetHints":{"allow":["GET"]}}],"collection":[{"href":"https:\/\/semmelweis.hu\/rehab\/wp-json\/wp\/v2\/posts"}],"about":[{"href":"https:\/\/semmelweis.hu\/rehab\/wp-json\/wp\/v2\/types\/post"}],"author":[{"embeddable":true,"href":"https:\/\/semmelweis.hu\/rehab\/wp-json\/wp\/v2\/users\/299"}],"replies":[{"embeddable":true,"href":"https:\/\/semmelweis.hu\/rehab\/wp-json\/wp\/v2\/comments?post=489"}],"version-history":[{"count":1,"href":"https:\/\/semmelweis.hu\/rehab\/wp-json\/wp\/v2\/posts\/489\/revisions"}],"predecessor-version":[{"id":490,"href":"https:\/\/semmelweis.hu\/rehab\/wp-json\/wp\/v2\/posts\/489\/revisions\/490"}],"wp:attachment":[{"href":"https:\/\/semmelweis.hu\/rehab\/wp-json\/wp\/v2\/media?parent=489"}],"wp:term":[{"taxonomy":"category","embeddable":true,"href":"https:\/\/semmelweis.hu\/rehab\/wp-json\/wp\/v2\/categories?post=489"},{"taxonomy":"post_tag","embeddable":true,"href":"https:\/\/semmelweis.hu\/rehab\/wp-json\/wp\/v2\/tags?post=489"}],"curies":[{"name":"wp","href":"https:\/\/api.w.org\/{rel}","templated":true}]}}