{"id":485,"date":"2017-10-25T09:08:09","date_gmt":"2017-10-25T07:08:09","guid":{"rendered":"http:\/\/semmelweis.hu\/rehab\/?page_id=485"},"modified":"2019-09-03T15:16:08","modified_gmt":"2019-09-03T13:16:08","slug":"2017-novemberi-program","status":"publish","type":"post","link":"https:\/\/semmelweis.hu\/rehab\/2017\/10\/25\/2017-novemberi-program\/","title":{"rendered":"2017. novemberi program"},"content":{"rendered":"<ol start=\"2017\">\n<li><strong> november 7.<\/strong><\/li>\n<\/ol>\n<p><strong>\u00dcl\u00e9seln\u00f6k: Dr. D\u00e9nes Zolt\u00e1n <\/strong><\/p>\n<p>Rehabilit\u00e1ci\u00f3s alapismeretek tanfolyam- esetismertet\u00e9sek<\/p>\n<p>&nbsp;<\/p>\n<ol start=\"2017\">\n<li><strong> november 21.<\/strong><\/li>\n<\/ol>\n<p><strong>\u00dcl\u00e9seln\u00f6k:<\/strong> <strong>Verseghi Anna<\/strong><\/p>\n<p>Rehabilit\u00e1ci\u00f3s Team Tagok F\u00f3ruma XII.<\/p>\n<p>\u00a0\u201eJelensokkban\u201d \u2013 Meg\u00e1ll az \u00e9sz! \u2013 P\u00f6rg\u00e9s<\/p>\n<ol>\n<li>Sarkadi Attila \u00e9s Szab\u00f3 G\u00e1bor: Jelensokk az eg\u00e9szs\u00e9g\u00fcgyben<\/li>\n<li>Verseghi Anna: \u201ePenge\u00e9len\u201d \u2013 \u00c9rt\u00e9krend \u00e9s fontoss\u00e1gi sorrend a rehabilit\u00e1ci\u00f3s tev\u00e9kenys\u00e9geink sor\u00e1n<\/li>\n<li>B\u00f3di Marianna \u00e9s Havlikn\u00e9 Glabisz Iwona: Eddig, eddig! Eddig, de meddig?<\/li>\n<li>V\u00e1mos Tibor: Tudod, milyen nap van ma?<\/li>\n<li>\u0150rley Zita: Itt vagy most\u2026<\/li>\n<li>Horv\u00e1th Hanka: \u201eOkos\u201d rehabilit\u00e1ci\u00f3<\/li>\n<li>Fekete Zs\u00f3fia \u00e9s Cselen\u00e1k Zsolt: Szimult\u00e1n M\u00edtosz<\/li>\n<\/ol>\n","protected":false},"excerpt":{"rendered":"<p>november 7. \u00dcl\u00e9seln\u00f6k: Dr. D\u00e9nes Zolt\u00e1n Rehabilit\u00e1ci\u00f3s alapismeretek tanfolyam- esetismertet\u00e9sek &nbsp; november 21. \u00dcl\u00e9seln\u00f6k: Verseghi Anna Rehabilit\u00e1ci\u00f3s Team Tagok F\u00f3ruma XII. \u00a0\u201eJelensokkban\u201d \u2013 Meg\u00e1ll az \u00e9sz! \u2013 P\u00f6rg\u00e9s Sarkadi Attila \u00e9s Szab\u00f3 G\u00e1bor: Jelensokk az eg\u00e9szs\u00e9g\u00fcgyben Verseghi Anna: \u201ePenge\u00e9len\u201d \u2013 \u00c9rt\u00e9krend \u00e9s fontoss\u00e1gi sorrend a rehabilit\u00e1ci\u00f3s tev\u00e9kenys\u00e9geink sor\u00e1n B\u00f3di Marianna \u00e9s Havlikn\u00e9 Glabisz Iwona: Eddig, &hellip;<\/p>\n","protected":false},"author":299,"featured_media":0,"comment_status":"closed","ping_status":"closed","sticky":false,"template":"","format":"standard","meta":{"_acf_changed":false,"footnotes":""},"categories":[5],"tags":[],"class_list":["post-485","post","type-post","status-publish","format-standard","hentry","category-referalo-ulesek"],"acf":[],"_links":{"self":[{"href":"https:\/\/semmelweis.hu\/rehab\/wp-json\/wp\/v2\/posts\/485","targetHints":{"allow":["GET"]}}],"collection":[{"href":"https:\/\/semmelweis.hu\/rehab\/wp-json\/wp\/v2\/posts"}],"about":[{"href":"https:\/\/semmelweis.hu\/rehab\/wp-json\/wp\/v2\/types\/post"}],"author":[{"embeddable":true,"href":"https:\/\/semmelweis.hu\/rehab\/wp-json\/wp\/v2\/users\/299"}],"replies":[{"embeddable":true,"href":"https:\/\/semmelweis.hu\/rehab\/wp-json\/wp\/v2\/comments?post=485"}],"version-history":[{"count":1,"href":"https:\/\/semmelweis.hu\/rehab\/wp-json\/wp\/v2\/posts\/485\/revisions"}],"predecessor-version":[{"id":486,"href":"https:\/\/semmelweis.hu\/rehab\/wp-json\/wp\/v2\/posts\/485\/revisions\/486"}],"wp:attachment":[{"href":"https:\/\/semmelweis.hu\/rehab\/wp-json\/wp\/v2\/media?parent=485"}],"wp:term":[{"taxonomy":"category","embeddable":true,"href":"https:\/\/semmelweis.hu\/rehab\/wp-json\/wp\/v2\/categories?post=485"},{"taxonomy":"post_tag","embeddable":true,"href":"https:\/\/semmelweis.hu\/rehab\/wp-json\/wp\/v2\/tags?post=485"}],"curies":[{"name":"wp","href":"https:\/\/api.w.org\/{rel}","templated":true}]}}