{"id":481,"date":"2017-09-27T14:27:20","date_gmt":"2017-09-27T12:27:20","guid":{"rendered":"http:\/\/semmelweis.hu\/rehab\/?page_id=481"},"modified":"2019-09-03T15:16:08","modified_gmt":"2019-09-03T13:16:08","slug":"2017-oktober-3-i-program","status":"publish","type":"post","link":"https:\/\/semmelweis.hu\/rehab\/2017\/09\/27\/2017-oktober-3-i-program\/","title":{"rendered":"2017. okt\u00f3ber 3-i program"},"content":{"rendered":"<ol start=\"2017\">\n<li><strong> okt\u00f3ber 3. Kedd 14.00<\/strong><\/li>\n<\/ol>\n<p>\u00dcl\u00e9s helye: K\u00e1polna (\u00daj \u00e9p\u00fclet)<\/p>\n<p>&nbsp;<\/p>\n<p><strong>\u00dcl\u00e9seln\u00f6k: <\/strong><\/p>\n<p>Dr. \u00a0Cserh\u00e1ti P\u00e9ter PhD.<\/p>\n<p>&nbsp;<\/p>\n<ol>\n<li>Dr. Juh\u00e1sz Andrea (betegjogi k\u00e9pvisel\u0151): Az Integr\u00e1lt Jogv\u00e9delmi Szolg\u00e1lat bemutat\u00e1sa\u00a0<\/li>\n<li>Dr. Cserh\u00e1ti P\u00e9ter: Esetbemutat\u00e1s<\/li>\n<li>Dr. Albecz Gabriella : Panaszok, k\u00e1rig\u00e9nyek \u00e9s perek az OORI-ban<\/li>\n<li>Dr. R\u00e9vay Edit: Mi lehet a siker titka?- avagy- Hogyan alakultak a betegel\u00e9gedetts\u00e9gi adatok 2017-ben?<\/li>\n<\/ol>\n","protected":false},"excerpt":{"rendered":"<p>okt\u00f3ber 3. Kedd 14.00 \u00dcl\u00e9s helye: K\u00e1polna (\u00daj \u00e9p\u00fclet) &nbsp; \u00dcl\u00e9seln\u00f6k: Dr. \u00a0Cserh\u00e1ti P\u00e9ter PhD. &nbsp; Dr. Juh\u00e1sz Andrea (betegjogi k\u00e9pvisel\u0151): Az Integr\u00e1lt Jogv\u00e9delmi Szolg\u00e1lat bemutat\u00e1sa\u00a0 Dr. Cserh\u00e1ti P\u00e9ter: Esetbemutat\u00e1s Dr. Albecz Gabriella : Panaszok, k\u00e1rig\u00e9nyek \u00e9s perek az OORI-ban Dr. R\u00e9vay Edit: Mi lehet a siker titka?- avagy- Hogyan alakultak a betegel\u00e9gedetts\u00e9gi adatok 2017-ben? &hellip;<\/p>\n","protected":false},"author":299,"featured_media":0,"comment_status":"closed","ping_status":"closed","sticky":false,"template":"","format":"standard","meta":{"_acf_changed":false,"footnotes":""},"categories":[5],"tags":[],"class_list":["post-481","post","type-post","status-publish","format-standard","hentry","category-referalo-ulesek"],"acf":[],"_links":{"self":[{"href":"https:\/\/semmelweis.hu\/rehab\/wp-json\/wp\/v2\/posts\/481","targetHints":{"allow":["GET"]}}],"collection":[{"href":"https:\/\/semmelweis.hu\/rehab\/wp-json\/wp\/v2\/posts"}],"about":[{"href":"https:\/\/semmelweis.hu\/rehab\/wp-json\/wp\/v2\/types\/post"}],"author":[{"embeddable":true,"href":"https:\/\/semmelweis.hu\/rehab\/wp-json\/wp\/v2\/users\/299"}],"replies":[{"embeddable":true,"href":"https:\/\/semmelweis.hu\/rehab\/wp-json\/wp\/v2\/comments?post=481"}],"version-history":[{"count":1,"href":"https:\/\/semmelweis.hu\/rehab\/wp-json\/wp\/v2\/posts\/481\/revisions"}],"predecessor-version":[{"id":482,"href":"https:\/\/semmelweis.hu\/rehab\/wp-json\/wp\/v2\/posts\/481\/revisions\/482"}],"wp:attachment":[{"href":"https:\/\/semmelweis.hu\/rehab\/wp-json\/wp\/v2\/media?parent=481"}],"wp:term":[{"taxonomy":"category","embeddable":true,"href":"https:\/\/semmelweis.hu\/rehab\/wp-json\/wp\/v2\/categories?post=481"},{"taxonomy":"post_tag","embeddable":true,"href":"https:\/\/semmelweis.hu\/rehab\/wp-json\/wp\/v2\/tags?post=481"}],"curies":[{"name":"wp","href":"https:\/\/api.w.org\/{rel}","templated":true}]}}