{"id":471,"date":"2017-09-12T14:49:26","date_gmt":"2017-09-12T12:49:26","guid":{"rendered":"http:\/\/semmelweis.hu\/rehab\/?page_id=471"},"modified":"2019-09-03T15:16:08","modified_gmt":"2019-09-03T13:16:08","slug":"2017-szeptemberi-program","status":"publish","type":"post","link":"https:\/\/semmelweis.hu\/rehab\/2017\/09\/12\/2017-szeptemberi-program\/","title":{"rendered":"2017. szeptemberi program"},"content":{"rendered":"<ol start=\"2017\">\n<li><strong> szeptember 19. Kedd 14.00<\/strong><\/li>\n<\/ol>\n<p><strong>\u00dcl\u00e9seln\u00f6k: <\/strong><\/p>\n<p>Dr. \u00a0Nagy Judit<\/p>\n<ol>\n<li>Esetbemutat\u00e1s (kb. 10 perc)<\/li>\n<li><strong>P\u00e9k\u00f3 Tam\u00e1s<\/strong>, Lab\u00e1nyi Ildik\u00f3, Varga L\u00e1szl\u00f3n\u00e9, Ront\u00f3 Beatrix, Czip\u00f3 Melinda, Dr. Nagy Judit : \u201e\u00c9rdekes esetek a rehabilit\u00e1ci\u00f3ban\u201d<\/li>\n<li>Magyar Radiogr\u00e1fus Kongresszus, 2017. szeptember, Si\u00f3fok (8 perc + vita)<\/li>\n<li>Dr. Nagy Judit: \u201eGyullad\u00e1sos elv\u00e1ltoz\u00e1sok k\u00e9palkot\u00f3 diagnosztik\u00e1ja csukl\u00f3 \u00e9s k\u00f6ny\u00f6k\u00edz\u00fcletn\u00e9l\u201d L\u00e9lek Imre Radiol\u00f3giai Konferencia, Musculoskelet\u00e1lis Tov\u00e1bbk\u00e9pz\u0151 Kurzus, 2017. m\u00e1jus \u00a0(kb. 25 perc)<\/li>\n<li>Szakdolgozatok bemutat\u00e1sa (2x10perc + vita)<\/li>\n<\/ol>\n<ul>\n<li>\u00a0Dr. Katona Zs\u00f3fia: A nappali k\u00f3rh\u00e1z szerepe a rehabilit\u00e1ci\u00f3s ell\u00e1t\u00e1si rendszerben.<\/li>\n<li>\u00a0Dr. Kiriakov Andrea: Sz\u00e1m\u00edt\u00f3g\u00e9pes alkalmaz\u00e1sok felhaszn\u00e1l\u00e1sa a rehabilit\u00e1ci\u00f3ban-motoros funkci\u00f3k \u00e9s egyens\u00faly jav\u00edt\u00e1sa neurol\u00f3giai betegs\u00e9gekben.<\/li>\n<\/ul>\n<p>&nbsp;<\/p>\n","protected":false},"excerpt":{"rendered":"<p>szeptember 19. Kedd 14.00 \u00dcl\u00e9seln\u00f6k: Dr. \u00a0Nagy Judit Esetbemutat\u00e1s (kb. 10 perc) P\u00e9k\u00f3 Tam\u00e1s, Lab\u00e1nyi Ildik\u00f3, Varga L\u00e1szl\u00f3n\u00e9, Ront\u00f3 Beatrix, Czip\u00f3 Melinda, Dr. Nagy Judit : \u201e\u00c9rdekes esetek a rehabilit\u00e1ci\u00f3ban\u201d Magyar Radiogr\u00e1fus Kongresszus, 2017. szeptember, Si\u00f3fok (8 perc + vita) Dr. Nagy Judit: \u201eGyullad\u00e1sos elv\u00e1ltoz\u00e1sok k\u00e9palkot\u00f3 diagnosztik\u00e1ja csukl\u00f3 \u00e9s k\u00f6ny\u00f6k\u00edz\u00fcletn\u00e9l\u201d L\u00e9lek Imre Radiol\u00f3giai Konferencia, Musculoskelet\u00e1lis &hellip;<\/p>\n","protected":false},"author":299,"featured_media":0,"comment_status":"closed","ping_status":"closed","sticky":false,"template":"","format":"standard","meta":{"_acf_changed":false,"footnotes":""},"categories":[5],"tags":[],"class_list":["post-471","post","type-post","status-publish","format-standard","hentry","category-referalo-ulesek"],"acf":[],"_links":{"self":[{"href":"https:\/\/semmelweis.hu\/rehab\/wp-json\/wp\/v2\/posts\/471","targetHints":{"allow":["GET"]}}],"collection":[{"href":"https:\/\/semmelweis.hu\/rehab\/wp-json\/wp\/v2\/posts"}],"about":[{"href":"https:\/\/semmelweis.hu\/rehab\/wp-json\/wp\/v2\/types\/post"}],"author":[{"embeddable":true,"href":"https:\/\/semmelweis.hu\/rehab\/wp-json\/wp\/v2\/users\/299"}],"replies":[{"embeddable":true,"href":"https:\/\/semmelweis.hu\/rehab\/wp-json\/wp\/v2\/comments?post=471"}],"version-history":[{"count":1,"href":"https:\/\/semmelweis.hu\/rehab\/wp-json\/wp\/v2\/posts\/471\/revisions"}],"predecessor-version":[{"id":472,"href":"https:\/\/semmelweis.hu\/rehab\/wp-json\/wp\/v2\/posts\/471\/revisions\/472"}],"wp:attachment":[{"href":"https:\/\/semmelweis.hu\/rehab\/wp-json\/wp\/v2\/media?parent=471"}],"wp:term":[{"taxonomy":"category","embeddable":true,"href":"https:\/\/semmelweis.hu\/rehab\/wp-json\/wp\/v2\/categories?post=471"},{"taxonomy":"post_tag","embeddable":true,"href":"https:\/\/semmelweis.hu\/rehab\/wp-json\/wp\/v2\/tags?post=471"}],"curies":[{"name":"wp","href":"https:\/\/api.w.org\/{rel}","templated":true}]}}