{"id":467,"date":"2017-07-04T09:02:12","date_gmt":"2017-07-04T07:02:12","guid":{"rendered":"http:\/\/semmelweis.hu\/rehab\/?page_id=467"},"modified":"2019-09-03T15:16:08","modified_gmt":"2019-09-03T13:16:08","slug":"2017-majusi-program","status":"publish","type":"post","link":"https:\/\/semmelweis.hu\/rehab\/2017\/07\/04\/2017-majusi-program\/","title":{"rendered":"2017. m\u00e1jusi program"},"content":{"rendered":"<p><strong>2017.05. 16. kedd 14.00 <\/strong><\/p>\n<p><strong>Az OORI Mozg\u00e1sszervi Nappali K\u00f3rh\u00e1z\u00e1nak 30 \u00e9ves jubileumi \u00fcl\u00e9se<\/strong><\/p>\n<p><strong>\u00a0<\/strong><\/p>\n<p><strong>\u00dcl\u00e9seln\u00f6k: Dr. Sz\u00f6gi Be\u00e1ta<\/strong><\/p>\n<p><strong>Helysz\u00edn: Nappali K\u00f3rh\u00e1z<\/strong><\/p>\n<p>A vend\u00e9gek fogad\u00e1sa, a fel\u00faj\u00edtott \u00e9p\u00fclet bemutat\u00e1sa, k\u00f6zben vet\u00edt\u00e9s:<\/p>\n<ul>\n<li>A mozg\u00e1sszervi rehabilit\u00e1ci\u00f3 nappali k\u00f3rh\u00e1zi keretek k\u00f6z\u00f6tt val\u00f3 kialak\u00edt\u00e1sa az OORI-ban (1986-1995 dr. Papp Ir\u00e9n f\u0151orvos) \u00e9s<\/li>\n<li>A nappali k\u00f3rh\u00e1zi rehabilit\u00e1ci\u00f3 eredm\u00e9nyes folytat\u00e1sa (1995-2006 dr. Lengyel \u00c9va f\u0151orvos) c\u00edmmel<\/li>\n<\/ul>\n<p>1.\u00dcnnepi megnyit\u00f3: Dr. Cserh\u00e1ti P\u00e9ter f\u0151igazgat\u00f3<\/p>\n<ol start=\"2\">\n<li>A rehabilit\u00e1ci\u00f3s c\u00e9lok megval\u00f3s\u00edt\u00e1s\u00e1nak lehet\u0151s\u00e9gei a nappali k\u00f3rh\u00e1zi ell\u00e1t\u00e1s keretei k\u00f6z\u00f6tt az OORI-ban, az \u00faj lehet\u0151s\u00e9gek kihaszn\u00e1l\u00e1s\u00e1val: Dr. Sz\u00f6gi Be\u00e1ta oszt\u00e1lyvezet\u0151, Szab\u00f3 Rita f\u0151n\u0151v\u00e9r, Lejt\u00e9nyi G\u00e1born\u00e9 adminisztr\u00e1tor, diab. szakasszisztens Nagy Zsuzsanna, Nagyn\u00e9 Gyetvai Anik\u00f3, dr. B\u00f6lcsh\u00e1zyn\u00e9 Veres \u00c1gnes gy\u00f3gytorn\u00e1szok, Vida Katalin fizikoter\u00e1pi\u00e1s asszisztens, Nagy Hedvig gy\u00f3gymassz\u0151r, Szentirmai L\u00edvia pszichol\u00f3gus, Kudron Emese dietetikus, betegeink<\/li>\n<li>Mit jelent a sportter\u00e1pia a Nappali K\u00f3rh\u00e1z betegeinek mozg\u00e1sszervi rehabilit\u00e1ci\u00f3j\u00e1ban? Sz\u00e1nt\u00f3 Krisztina gy\u00f3gytorn\u00e1sz<\/li>\n<li>Az OORI Hidroter\u00e1pi\u00e1s r\u00e9szleg\u00e9nek bemutat\u00e1sa a Nappali K\u00f3rh\u00e1z betegell\u00e1t\u00e1s\u00e1n kereszt\u00fcl. Katona Enik\u0151 szomatopedag\u00f3gus, hidroterapeuta<\/li>\n<li>FIFO el\u0151ad\u00e1s: Hogyan vezesd el\u0151 a vezet\u00e9st ergoter\u00e1pi\u00e1s m\u00f3dszerekkel? Kov\u00e1cs Nikolett, Ardai Evelyn<\/li>\n<li>\u00c1ll\u00f3 fogad\u00e1s \u2013 k\u00f6tetlen besz\u00e9lget\u00e9s<\/li>\n<\/ol>\n<p>&nbsp;<\/p>\n<ol start=\"2017\">\n<li><strong> 05. 30. kedd 14.00<\/strong><\/li>\n<\/ol>\n<p><strong>Int\u00e9zeti tudom\u00e1nyos &#8211; <\/strong><strong>oktat\u00f3i tev\u00e9kenys\u00e9g \u00e9ves besz\u00e1mol\u00f3ja <\/strong><\/p>\n<p><strong>\u00e9s Dr. P\u00e9ter Orsolya PhD disszert\u00e1ci\u00f3j\u00e1nak h\u00e1zi, nyilv\u00e1nos vit\u00e1ja<\/strong><\/p>\n<p><strong>\u00a0<\/strong><\/p>\n<p><strong>\u00dcl\u00e9seln\u00f6k: Dr. D\u00e9nes Zolt\u00e1n <\/strong><\/p>\n<p><strong>Helysz\u00edn: K\u00e1polna<\/strong><\/p>\n<p>&nbsp;<\/p>\n<p>1.Dr. D\u00e9nes Zolt\u00e1n, T\u00e1pay Gabriella, Grimmn\u00e9 \u00c1cs Ildik\u00f3: OORI tudom\u00e1nyos \u00e9let, oktat\u00e1s 2016.<\/p>\n<p>2.Dr. P\u00e9ter Orsolya: Robot \u00e1ltal t\u00e1mogatott ter\u00e1pia hat\u00e1soss\u00e1g\u00e1nak vizsg\u00e1lata stroke-on \u00e1tesett betegek fels\u0151 v\u00e9gtagi funkci\u00f3j\u00e1nak jav\u00edt\u00e1s\u00e1ra.<\/p>\n<p>&nbsp;<\/p>\n","protected":false},"excerpt":{"rendered":"<p>2017.05. 16. kedd 14.00 Az OORI Mozg\u00e1sszervi Nappali K\u00f3rh\u00e1z\u00e1nak 30 \u00e9ves jubileumi \u00fcl\u00e9se \u00a0 \u00dcl\u00e9seln\u00f6k: Dr. Sz\u00f6gi Be\u00e1ta Helysz\u00edn: Nappali K\u00f3rh\u00e1z A vend\u00e9gek fogad\u00e1sa, a fel\u00faj\u00edtott \u00e9p\u00fclet bemutat\u00e1sa, k\u00f6zben vet\u00edt\u00e9s: A mozg\u00e1sszervi rehabilit\u00e1ci\u00f3 nappali k\u00f3rh\u00e1zi keretek k\u00f6z\u00f6tt val\u00f3 kialak\u00edt\u00e1sa az OORI-ban (1986-1995 dr. Papp Ir\u00e9n f\u0151orvos) \u00e9s A nappali k\u00f3rh\u00e1zi rehabilit\u00e1ci\u00f3 eredm\u00e9nyes folytat\u00e1sa (1995-2006 dr. &hellip;<\/p>\n","protected":false},"author":299,"featured_media":0,"comment_status":"closed","ping_status":"closed","sticky":false,"template":"","format":"standard","meta":{"_acf_changed":false,"footnotes":""},"categories":[5],"tags":[],"class_list":["post-467","post","type-post","status-publish","format-standard","hentry","category-referalo-ulesek"],"acf":[],"_links":{"self":[{"href":"https:\/\/semmelweis.hu\/rehab\/wp-json\/wp\/v2\/posts\/467","targetHints":{"allow":["GET"]}}],"collection":[{"href":"https:\/\/semmelweis.hu\/rehab\/wp-json\/wp\/v2\/posts"}],"about":[{"href":"https:\/\/semmelweis.hu\/rehab\/wp-json\/wp\/v2\/types\/post"}],"author":[{"embeddable":true,"href":"https:\/\/semmelweis.hu\/rehab\/wp-json\/wp\/v2\/users\/299"}],"replies":[{"embeddable":true,"href":"https:\/\/semmelweis.hu\/rehab\/wp-json\/wp\/v2\/comments?post=467"}],"version-history":[{"count":1,"href":"https:\/\/semmelweis.hu\/rehab\/wp-json\/wp\/v2\/posts\/467\/revisions"}],"predecessor-version":[{"id":468,"href":"https:\/\/semmelweis.hu\/rehab\/wp-json\/wp\/v2\/posts\/467\/revisions\/468"}],"wp:attachment":[{"href":"https:\/\/semmelweis.hu\/rehab\/wp-json\/wp\/v2\/media?parent=467"}],"wp:term":[{"taxonomy":"category","embeddable":true,"href":"https:\/\/semmelweis.hu\/rehab\/wp-json\/wp\/v2\/categories?post=467"},{"taxonomy":"post_tag","embeddable":true,"href":"https:\/\/semmelweis.hu\/rehab\/wp-json\/wp\/v2\/tags?post=467"}],"curies":[{"name":"wp","href":"https:\/\/api.w.org\/{rel}","templated":true}]}}