{"id":464,"date":"2017-07-04T08:59:43","date_gmt":"2017-07-04T06:59:43","guid":{"rendered":"http:\/\/semmelweis.hu\/rehab\/?page_id=464"},"modified":"2019-09-03T15:16:08","modified_gmt":"2019-09-03T13:16:08","slug":"2017-ii-felevre-tervezett-program","status":"publish","type":"post","link":"https:\/\/semmelweis.hu\/rehab\/2017\/07\/04\/2017-ii-felevre-tervezett-program\/","title":{"rendered":"2017. II. f\u00e9l\u00e9vre tervezett program"},"content":{"rendered":"<table width=\"649\">\n<tbody>\n<tr style=\"height: 76px\">\n<td style=\"height: 76px\" width=\"100\">\n<p><strong>ID\u0150PONT<\/strong><\/p>\n<\/td>\n<td style=\"height: 76px\" width=\"208\">\n<p><strong>T\u00c9MA<\/strong><\/p>\n<\/td>\n<td style=\"height: 76px\" width=\"171\">\n<p><strong>\u00dcL\u00c9SELN\u00d6K<\/strong><\/p>\n<\/td>\n<td style=\"height: 76px\" width=\"171\">\n<p>&nbsp;<\/p>\n<p><strong>MEGJEGYZ\u00c9S<\/strong><\/p>\n<p><strong>\u00a0<\/strong><\/p>\n<\/td>\n<\/tr>\n<tr style=\"height: 87.5px\">\n<td style=\"height: 87.5px\" width=\"100\">\n<p>Aug. 22.<\/p>\n<\/td>\n<td style=\"height: 87.5px\" width=\"208\">\n<p>ORFMMT V\u00e1ndorgy\u0171l\u00e9s el\u0151ad\u00e1sok I<\/p>\n<\/td>\n<td style=\"height: 87.5px\" width=\"171\">\n<p>dr. Fazekas G\u00e1bor<\/p>\n<\/td>\n<td style=\"height: 87.5px\" width=\"171\">\n<p>MRT poszterek, robotos el\u0151ad\u00e1sok<\/p>\n<\/td>\n<\/tr>\n<tr style=\"height: 64px\">\n<td style=\"height: 64px\" width=\"100\">\n<p>Aug. 29.<\/p>\n<\/td>\n<td style=\"height: 64px\" width=\"208\">\n<p>ORFMMT V\u00e1ndorgy\u0171l\u00e9s el\u0151ad\u00e1sok II<\/p>\n<\/td>\n<td style=\"height: 64px\" width=\"171\">\n<p>dr. Ken\u00e9z J\u00falia<\/p>\n<\/td>\n<td style=\"height: 64px\" width=\"171\">\u00a0<\/td>\n<\/tr>\n<tr style=\"height: 64px\">\n<td style=\"height: 64px\" width=\"100\">\n<p>Szept . 19.<\/p>\n<\/td>\n<td style=\"height: 64px\" width=\"208\">\n<p>Esetbemutat\u00e1s<\/p>\n<p>Radiol\u00f3gus-radiogr\u00e1fus konf. el\u0151ad\u00e1sai<\/p>\n<p>Orvostanhallgat\u00f3k diplomamunk\u00e1i<\/p>\n<\/td>\n<td style=\"height: 64px\" width=\"171\">\n<p>dr. Nagy Judit<\/p>\n<\/td>\n<td style=\"height: 64px\" width=\"171\">\n<p>CMPT projekt<\/p>\n<\/td>\n<\/tr>\n<tr style=\"height: 112px\">\n<td style=\"height: 112px\" width=\"100\">\n<p>Okt. 3.<\/p>\n<\/td>\n<td style=\"height: 112px\" width=\"208\">\n<p>Betegjogi k\u00e9pvisel\u0151 bemutatkoz\u00e1sa, betegpanaszok<\/p>\n<p>Peres \u00dcgyek az OORI-ban<\/p>\n<\/td>\n<td style=\"height: 112px\" width=\"171\">\n<p>dr. Cserh\u00e1ti P\u00e9ter<\/p>\n<\/td>\n<td style=\"height: 112px\" width=\"171\">\n<p>Stroke Konf. el\u0151ad\u00e1s (dr. Hampel K.)<\/p>\n<\/td>\n<\/tr>\n<tr style=\"height: 112px\">\n<td style=\"height: 112px\" width=\"100\">\n<p>Okt. 17.<\/p>\n<\/td>\n<td style=\"height: 112px\" width=\"208\">\n<p>AUDIT NAP<\/p>\n<\/td>\n<td style=\"height: 112px\" width=\"171\">\n<p>\u00a0dr. Boros Erzs\u00e9bet<\/p>\n<\/td>\n<td style=\"height: 112px\" width=\"171\">\u00a0<\/td>\n<\/tr>\n<tr style=\"height: 64px\">\n<td style=\"height: 64px\" width=\"100\">\n<p>Nov . 7.<\/p>\n<\/td>\n<td style=\"height: 64px\" width=\"208\">\n<p>Rehabilit\u00e1ci\u00f3s alapismeretek tanfolyam esetismertet\u00e9sek<\/p>\n<\/td>\n<td style=\"height: 64px\" width=\"171\">\n<p>dr. D\u00e9nes Zolt\u00e1n<\/p>\n<\/td>\n<td style=\"height: 64px\" width=\"171\">\u00a0<\/td>\n<\/tr>\n<tr style=\"height: 64px\">\n<td style=\"height: 64px\" width=\"100\">\n<p>Nov. 21.<\/p>\n<\/td>\n<td style=\"height: 64px\" width=\"208\">\n<p>Rehab. Team tagok f\u00f3ruma XII.<\/p>\n<\/td>\n<td style=\"height: 64px\" width=\"171\">\n<p>dr. Verseghi Anna<\/p>\n<\/td>\n<td style=\"height: 64px\" width=\"171\">\u00a0<\/td>\n<\/tr>\n<tr style=\"height: 64px\">\n<td style=\"height: 64px\" width=\"100\">\n<p>Dec. 5.<\/p>\n<\/td>\n<td style=\"height: 64px\" width=\"208\">\n<p>Ortop\u00e9diai Oszt\u00e1ly tev\u00e9kenys\u00e9ge az indik\u00e1torok t\u00fckr\u00e9ben<\/p>\n<\/td>\n<td style=\"height: 64px\" width=\"171\">\n<p>dr. K\u00e1das Istv\u00e1n<\/p>\n<\/td>\n<td style=\"height: 64px\" width=\"171\">\u00a0<\/td>\n<\/tr>\n<\/tbody>\n<\/table>\n<p>&nbsp;<\/p>\n","protected":false},"excerpt":{"rendered":"<p>ID\u0150PONT T\u00c9MA \u00dcL\u00c9SELN\u00d6K &nbsp; MEGJEGYZ\u00c9S \u00a0 Aug. 22. ORFMMT V\u00e1ndorgy\u0171l\u00e9s el\u0151ad\u00e1sok I dr. Fazekas G\u00e1bor MRT poszterek, robotos el\u0151ad\u00e1sok Aug. 29. ORFMMT V\u00e1ndorgy\u0171l\u00e9s el\u0151ad\u00e1sok II dr. Ken\u00e9z J\u00falia \u00a0 Szept . 19. Esetbemutat\u00e1s Radiol\u00f3gus-radiogr\u00e1fus konf. el\u0151ad\u00e1sai Orvostanhallgat\u00f3k diplomamunk\u00e1i dr. Nagy Judit CMPT projekt Okt. 3. Betegjogi k\u00e9pvisel\u0151 bemutatkoz\u00e1sa, betegpanaszok Peres \u00dcgyek az OORI-ban dr. Cserh\u00e1ti &hellip;<\/p>\n","protected":false},"author":299,"featured_media":0,"comment_status":"closed","ping_status":"closed","sticky":false,"template":"","format":"standard","meta":{"_acf_changed":false,"footnotes":""},"categories":[5],"tags":[],"class_list":["post-464","post","type-post","status-publish","format-standard","hentry","category-referalo-ulesek"],"acf":[],"_links":{"self":[{"href":"https:\/\/semmelweis.hu\/rehab\/wp-json\/wp\/v2\/posts\/464","targetHints":{"allow":["GET"]}}],"collection":[{"href":"https:\/\/semmelweis.hu\/rehab\/wp-json\/wp\/v2\/posts"}],"about":[{"href":"https:\/\/semmelweis.hu\/rehab\/wp-json\/wp\/v2\/types\/post"}],"author":[{"embeddable":true,"href":"https:\/\/semmelweis.hu\/rehab\/wp-json\/wp\/v2\/users\/299"}],"replies":[{"embeddable":true,"href":"https:\/\/semmelweis.hu\/rehab\/wp-json\/wp\/v2\/comments?post=464"}],"version-history":[{"count":1,"href":"https:\/\/semmelweis.hu\/rehab\/wp-json\/wp\/v2\/posts\/464\/revisions"}],"predecessor-version":[{"id":465,"href":"https:\/\/semmelweis.hu\/rehab\/wp-json\/wp\/v2\/posts\/464\/revisions\/465"}],"wp:attachment":[{"href":"https:\/\/semmelweis.hu\/rehab\/wp-json\/wp\/v2\/media?parent=464"}],"wp:term":[{"taxonomy":"category","embeddable":true,"href":"https:\/\/semmelweis.hu\/rehab\/wp-json\/wp\/v2\/categories?post=464"},{"taxonomy":"post_tag","embeddable":true,"href":"https:\/\/semmelweis.hu\/rehab\/wp-json\/wp\/v2\/tags?post=464"}],"curies":[{"name":"wp","href":"https:\/\/api.w.org\/{rel}","templated":true}]}}