{"id":456,"date":"2017-04-20T12:23:38","date_gmt":"2017-04-20T10:23:38","guid":{"rendered":"http:\/\/semmelweis.hu\/rehab\/?page_id=456"},"modified":"2019-09-03T15:16:08","modified_gmt":"2019-09-03T13:16:08","slug":"2017-aprilisi-program","status":"publish","type":"post","link":"https:\/\/semmelweis.hu\/rehab\/2017\/04\/20\/2017-aprilisi-program\/","title":{"rendered":"2017. \u00e1prilisi program"},"content":{"rendered":"<p><strong>2017 .\u00e1prilis 4.<\/strong><\/p>\n<p><strong>\u00dcl\u00e9seln\u00f6k : Dr. Farkas P\u00e9ter <\/strong><\/p>\n<p><strong>Infekci\u00f3kontroll<\/strong><\/p>\n<p>&nbsp;<\/p>\n<p>1.Nagy B\u00e9la, Szab\u00f3 Rita, P\u00e9ter L\u00edvia, Dr. Farkas P\u00e9ter: Az infekci\u00f3kontroll tev\u00e9kenys\u00e9g 2016. \u00e9vi eredm\u00e9nyeinek bemutat\u00e1sa (25 perc)<\/p>\n<p>2.Dr. Petrovicz Edina: Az infektol\u00f3gus tapasztalatai, \u00e9szrev\u00e9telek \u00e9s javaslatok az OORI infekci\u00f3kontroll tev\u00e9kenys\u00e9ge kapcs\u00e1n (15 perc)<\/p>\n<p>3.Dr. Farkas P\u00e9ter: Tudnival\u00f3k a dolgoz\u00f3kat legink\u00e1bb vesz\u00e9lyeztet\u0151 fert\u0151z\u0151 megbeteged\u00e9sekr\u0151l (kanyar\u00f3, influenza\u2026) (10 perc)<\/p>\n<p>4.Dr. Belinszkaja Galina, Dr. Hern\u00e1th Ildik\u00f3, Dr. D\u00e9nes Zolt\u00e1n: Infekci\u00f3kontroll tev\u00e9kenys\u00e9g a korai rehabilit\u00e1ci\u00f3s r\u00e9szlegeken (15 perc)<\/p>\n<p><strong>\u00a0<\/strong><\/p>\n<p><strong>2017.\u00e1prilis 25.<\/strong><\/p>\n<p><strong>\u00dcl\u00e9seln\u00f6k: Dr. Boros Erzs\u00e9bet<\/strong><\/p>\n<p><strong>Audit nap<\/strong><\/p>\n<ol>\n<li>K\u00f3rlap audit \u2013 N\u00e9meth Judit, Dr. Sz\u00f6gi Be\u00e1ta, Dr. Tarj\u00e1nyi Szilvia, Dr. Vass Ildik\u00f3<\/li>\n<li>A k\u00f3rlap auditok meg\u00faj\u00edt\u00e1s\u00e1nak lehet\u0151s\u00e9ge \u2013 Embern\u00e9 Heitler Andrea\u00a0<\/li>\n<li>Oszt\u00e1lyos \u00e1ltal\u00e1nos beleegyez\u0151 nyilatkozatok fejleszt\u00e9se \u2013 Embern\u00e9 Heitler Andrea<\/li>\n<li>Fejleszt\u00e9s alatt \u00e1ll\u00f3 \u00e1pol\u00e1si protokollok \u2013 B\u00f3di Mariann\u00a0\u00a0<\/li>\n<li>Gy\u00f3gyszer audit\u00a0 &#8211; Dr. Boros Erzs\u00e9bet<\/li>\n<\/ol>\n<p><b><span style=\"color: red;line-height: 115%;font-family: 'Arial','sans-serif';font-size: 14pt\">A 2017. \u00e1prilis 25-\u00e9re tervezett Refer\u00e1l\u00f3 Tudom\u00e1nyos \u00dcl\u00e9s technikai okok miatt elmarad, \u00e9s egy k\u00e9s\u0151bbi id\u0151pontban ker\u00fcl megrendez\u00e9sre<\/span><\/b><\/p>\n<p>&nbsp;<\/p>\n","protected":false},"excerpt":{"rendered":"<p>2017 .\u00e1prilis 4. \u00dcl\u00e9seln\u00f6k : Dr. Farkas P\u00e9ter Infekci\u00f3kontroll &nbsp; 1.Nagy B\u00e9la, Szab\u00f3 Rita, P\u00e9ter L\u00edvia, Dr. Farkas P\u00e9ter: Az infekci\u00f3kontroll tev\u00e9kenys\u00e9g 2016. \u00e9vi eredm\u00e9nyeinek bemutat\u00e1sa (25 perc) 2.Dr. Petrovicz Edina: Az infektol\u00f3gus tapasztalatai, \u00e9szrev\u00e9telek \u00e9s javaslatok az OORI infekci\u00f3kontroll tev\u00e9kenys\u00e9ge kapcs\u00e1n (15 perc) 3.Dr. Farkas P\u00e9ter: Tudnival\u00f3k a dolgoz\u00f3kat legink\u00e1bb vesz\u00e9lyeztet\u0151 fert\u0151z\u0151 megbeteged\u00e9sekr\u0151l (kanyar\u00f3, &hellip;<\/p>\n","protected":false},"author":299,"featured_media":0,"comment_status":"closed","ping_status":"closed","sticky":false,"template":"","format":"standard","meta":{"_acf_changed":false,"footnotes":""},"categories":[5],"tags":[],"class_list":["post-456","post","type-post","status-publish","format-standard","hentry","category-referalo-ulesek"],"acf":[],"_links":{"self":[{"href":"https:\/\/semmelweis.hu\/rehab\/wp-json\/wp\/v2\/posts\/456","targetHints":{"allow":["GET"]}}],"collection":[{"href":"https:\/\/semmelweis.hu\/rehab\/wp-json\/wp\/v2\/posts"}],"about":[{"href":"https:\/\/semmelweis.hu\/rehab\/wp-json\/wp\/v2\/types\/post"}],"author":[{"embeddable":true,"href":"https:\/\/semmelweis.hu\/rehab\/wp-json\/wp\/v2\/users\/299"}],"replies":[{"embeddable":true,"href":"https:\/\/semmelweis.hu\/rehab\/wp-json\/wp\/v2\/comments?post=456"}],"version-history":[{"count":3,"href":"https:\/\/semmelweis.hu\/rehab\/wp-json\/wp\/v2\/posts\/456\/revisions"}],"predecessor-version":[{"id":460,"href":"https:\/\/semmelweis.hu\/rehab\/wp-json\/wp\/v2\/posts\/456\/revisions\/460"}],"wp:attachment":[{"href":"https:\/\/semmelweis.hu\/rehab\/wp-json\/wp\/v2\/media?parent=456"}],"wp:term":[{"taxonomy":"category","embeddable":true,"href":"https:\/\/semmelweis.hu\/rehab\/wp-json\/wp\/v2\/categories?post=456"},{"taxonomy":"post_tag","embeddable":true,"href":"https:\/\/semmelweis.hu\/rehab\/wp-json\/wp\/v2\/tags?post=456"}],"curies":[{"name":"wp","href":"https:\/\/api.w.org\/{rel}","templated":true}]}}